{"id":2056,"date":"2020-07-09T23:57:48","date_gmt":"2020-07-09T23:57:48","guid":{"rendered":"http:\/\/www.ghconcepcion.cl\/?p=2056"},"modified":"2020-07-10T13:57:02","modified_gmt":"2020-07-10T13:57:02","slug":"lanzamiento-sala-concepcion-en-la-guerra-del-pacifico","status":"publish","type":"post","link":"https:\/\/www.ghconcepcion.cl\/index.php\/2020\/07\/09\/lanzamiento-sala-concepcion-en-la-guerra-del-pacifico\/","title":{"rendered":"Lanzamiento sala \u00abConcepci\u00f3n en la Guerra del Pac\u00edfico\u00bb"},"content":{"rendered":"\n<p><strong>LANZAMIENTO SALA CONCEPCI\u00d3N EN LA GUERRA DEL PAC\u00cdFICO<\/strong><\/p>\n\n\n\n<p><em><strong>El nuevo espacio del museo cuenta la historia de los 1.404 penquistas que fueron parte del conflicto como miembros del Batall\u00f3n C\u00edvico Movilizado de Concepci\u00f3n.<\/strong><\/em><\/p>\n\n\n\n<p>Durante la Guerra del Pac\u00edfico, junto al ej\u00e9rcito chileno, fueron miles los civiles de diferentes rincones de nuestro pa\u00eds que se unieron a las tropas&nbsp;<a>nacionales para participar del conflicto b\u00e9lico&nbsp;<\/a>contra Per\u00fa y Bolivia. Es as\u00ed como, en enero de 1880, se dio forma&nbsp;<a>al \u201cBatall\u00f3n C\u00edvico Movilizado de Concepci\u00f3n<\/a>\u201d, unidad de ciudadanos de la antigua provincia de Concepci\u00f3n que fue parte de los combates y batallas de Chorrillos, Miraflores, San Pablo y Huamachuco.<\/p>\n\n\n\n<p>Para poner en valor el accionar de este grupo de penquistas, la Galer\u00eda de la Historia de Concepci\u00f3n da vida a&nbsp;<a>la Sala \u201cConcepci\u00f3n en la Guerra del Pac\u00edfico\u201d<\/a>.&nbsp;Este nuevo espacio de la GHC cuenta la historia de los 1.404 penquistas que fueron a la guerra como miembros del Batall\u00f3n C\u00edvico Movilizado de Concepci\u00f3n. El gui\u00f3n museogr\u00e1fico incluye variadas piezas originales, como tambi\u00e9n r\u00e9plicas, fotograf\u00edas, planos y pantallas informativas.&nbsp; Adem\u00e1s, esta sala da cuenta del contexto hist\u00f3rico del Chile de fines del siglo XIX y c\u00f3mo era la vida en el Concepci\u00f3n de la \u00e9poca, el desarrollo de la Guerra del Pac\u00edfico, como tambi\u00e9n la vida de regreso en Concepci\u00f3n de los \u201cveteranos del \u201879\u201d.<\/p>\n\n\n\n<p>Este proyecto que comenz\u00f3 a gestarse en el a\u00f1o 2017, cont\u00f3 con el trabajo de destacados historiadores y profesionales de la Corporaci\u00f3n Semco, adem\u00e1s del apoyo del&nbsp;<a>Departamento Cultural, Hist\u00f3rico y de Extensi\u00f3n del Ej\u00e9rcito de Chile<\/a>, quienes colaboraron con la entrega de m\u00e1s de 30&nbsp;piezas museogr\u00e1ficas originales, adem\u00e1s de permitir acceso a sus archivos para la necesaria investigaci\u00f3n hist\u00f3rica. La muestra de la Sala \u201cConcepci\u00f3n en la Guerra del Pac\u00edfico\u201d tambi\u00e9n incluye piezas donadas y entregadas en&nbsp;comodato por particulares. El nuevo atractivo de la GHC&nbsp;tiene cerca de 20 metros cuadrados, espacio que antes era ocupado como oficina administrativa, y tuvo una inversi\u00f3n total de $19 millones de pesos, que fueron financiados por la Corporaci\u00f3n Semco.<\/p>\n\n\n\n<p>\u201cDecidimos realizar el lanzamiento de este nuevo espacio, un d\u00eda como este viernes 10, fecha que coincide con la batalla de Huamachuco, ocurrida el 10 de julio de 1883, y en la que tuvo una destacada participaci\u00f3n el&nbsp;Batall\u00f3n C\u00edvico Movilizado de Concepci\u00f3n. Esta&nbsp;batalla ocurrida en los Andes peruanos puso fin a las acciones b\u00e9licas de relevancia durante la Guerra del Pac\u00edfico\u201d, explica el director de la Galer\u00eda de la Historia de Concepci\u00f3n, Mauricio Quevedo Barra, al agregar que en este lanzamiento participar\u00e1n destacados historiadores como Patricio Ibarra, Mauricio Rubilar, Juan Eduardo Mendoza y Armando Cartes, representantes del&nbsp;Departamento Cultural, Hist\u00f3rico y de Extensi\u00f3n del Ej\u00e9rcito de Chile y al Alcalde \u00c1lvaro Ortiz, presidente del Directorio de la Corporaci\u00f3n Semco.<\/p>\n\n\n\n<p>Para ser parte de esta actividad, desde este viernes 10 de julio a las 11 horas, le invitamos a visitar el sitio web www.ghconcepcion.cl, como tambi\u00e9n el fanpage de Facebook \u201cGaler\u00eda de la Historia de Concepci\u00f3n\u201d.<\/p>\n\n\n\n<p>CONOCE NUESTRA NUEVA SECCI\u00d3N EN EL SIGUIENTE LINK:<\/p>\n\n\n\n<figure class=\"wp-block-embed-wordpress wp-block-embed is-type-wp-embed is-provider-galeria-de-la-historia-de-concepcion\"><div class=\"wp-block-embed__wrapper\">\n<blockquote class=\"wp-embedded-content\" data-secret=\"6CrloVLR4G\"><a href=\"https:\/\/www.ghconcepcion.cl\/index.php\/concepcion-en-la-guerra-del-pacifico\/\">Concepci\u00f3n en la Guerra del Pac\u00edfico<\/a><\/blockquote><iframe class=\"wp-embedded-content\" sandbox=\"allow-scripts\" security=\"restricted\" style=\"position: absolute; visibility: hidden;\" title=\"\u00abConcepci\u00f3n en la Guerra del Pac\u00edfico\u00bb \u2014 Galer\u00eda de la Historia de Concepci\u00f3n\" src=\"https:\/\/www.ghconcepcion.cl\/index.php\/concepcion-en-la-guerra-del-pacifico\/embed\/#?secret=i72vUdKflM#?secret=6CrloVLR4G\" data-secret=\"6CrloVLR4G\" width=\"600\" height=\"338\" frameborder=\"0\" marginwidth=\"0\" marginheight=\"0\" scrolling=\"no\"><\/iframe>\n<\/div><\/figure>\n","protected":false},"excerpt":{"rendered":"<p>LANZAMIENTO SALA CONCEPCI\u00d3N EN LA GUERRA DEL PAC\u00cdFICO El nuevo espacio del museo cuenta la historia de los 1.404 penquistas que fueron parte del conflicto como miembros del Batall\u00f3n C\u00edvico Movilizado de Concepci\u00f3n. Durante la Guerra del Pac\u00edfico, junto al ej\u00e9rcito chileno, fueron miles los civiles de diferentes rincones de nuestro pa\u00eds que se unieron [&hellip;]<\/p>\n","protected":false},"author":1,"featured_media":2062,"comment_status":"open","ping_status":"open","sticky":false,"template":"","format":"standard","meta":{"footnotes":""},"categories":[1],"tags":[],"class_list":["post-2056","post","type-post","status-publish","format-standard","has-post-thumbnail","hentry","category-sin-categoria"],"_links":{"self":[{"href":"https:\/\/www.ghconcepcion.cl\/index.php\/wp-json\/wp\/v2\/posts\/2056","targetHints":{"allow":["GET"]}}],"collection":[{"href":"https:\/\/www.ghconcepcion.cl\/index.php\/wp-json\/wp\/v2\/posts"}],"about":[{"href":"https:\/\/www.ghconcepcion.cl\/index.php\/wp-json\/wp\/v2\/types\/post"}],"author":[{"embeddable":true,"href":"https:\/\/www.ghconcepcion.cl\/index.php\/wp-json\/wp\/v2\/users\/1"}],"replies":[{"embeddable":true,"href":"https:\/\/www.ghconcepcion.cl\/index.php\/wp-json\/wp\/v2\/comments?post=2056"}],"version-history":[{"count":5,"href":"https:\/\/www.ghconcepcion.cl\/index.php\/wp-json\/wp\/v2\/posts\/2056\/revisions"}],"predecessor-version":[{"id":2074,"href":"https:\/\/www.ghconcepcion.cl\/index.php\/wp-json\/wp\/v2\/posts\/2056\/revisions\/2074"}],"wp:featuredmedia":[{"embeddable":true,"href":"https:\/\/www.ghconcepcion.cl\/index.php\/wp-json\/wp\/v2\/media\/2062"}],"wp:attachment":[{"href":"https:\/\/www.ghconcepcion.cl\/index.php\/wp-json\/wp\/v2\/media?parent=2056"}],"wp:term":[{"taxonomy":"category","embeddable":true,"href":"https:\/\/www.ghconcepcion.cl\/index.php\/wp-json\/wp\/v2\/categories?post=2056"},{"taxonomy":"post_tag","embeddable":true,"href":"https:\/\/www.ghconcepcion.cl\/index.php\/wp-json\/wp\/v2\/tags?post=2056"}],"curies":[{"name":"wp","href":"https:\/\/api.w.org\/{rel}","templated":true}]}}