{"id":2358,"date":"2021-04-26T17:05:00","date_gmt":"2021-04-26T17:05:00","guid":{"rendered":"http:\/\/www.ghconcepcion.cl\/?p=2358"},"modified":"2021-04-28T18:03:54","modified_gmt":"2021-04-28T18:03:54","slug":"ceramica-de-quinchamali","status":"publish","type":"post","link":"https:\/\/www.ghconcepcion.cl\/index.php\/2021\/04\/26\/ceramica-de-quinchamali\/","title":{"rendered":"Cer\u00e1mica de Quinchamal\u00ed"},"content":{"rendered":"\n<p>La cer\u00e1mica de greda negra del poblado de Quinchamal\u00ed (actual Regi\u00f3n de \u00d1uble) posee una larga tradici\u00f3n que se remonta a or\u00edgenes coloniales. Su fabricaci\u00f3n considera arcilla y limo, pasando por un proceso de ahumado y finalmente pintado con blanco. En la colecci\u00f3n \u201cCer\u00e1mica Regional del Biob\u00edo\u201d de GHC destacan piezas utilitarias y decorativas, como la guitarrera, un peque\u00f1o florero, la figura de perro, cabra y un juego de taza.<\/p>\n\n\n\n<p>#gredadeQuinchamali<\/p>\n","protected":false},"excerpt":{"rendered":"<p>La cer\u00e1mica de greda negra del poblado de Quinchamal\u00ed (actual Regi\u00f3n de \u00d1uble) posee una larga tradici\u00f3n que se remonta a or\u00edgenes coloniales. Su fabricaci\u00f3n considera arcilla y limo, pasando por un proceso de ahumado y finalmente pintado con blanco. En la colecci\u00f3n \u201cCer\u00e1mica Regional del Biob\u00edo\u201d de GHC destacan piezas utilitarias y decorativas, como [&hellip;]<\/p>\n","protected":false},"author":1,"featured_media":2356,"comment_status":"open","ping_status":"open","sticky":false,"template":"","format":"standard","meta":{"footnotes":""},"categories":[1],"tags":[],"class_list":["post-2358","post","type-post","status-publish","format-standard","has-post-thumbnail","hentry","category-sin-categoria"],"_links":{"self":[{"href":"https:\/\/www.ghconcepcion.cl\/index.php\/wp-json\/wp\/v2\/posts\/2358","targetHints":{"allow":["GET"]}}],"collection":[{"href":"https:\/\/www.ghconcepcion.cl\/index.php\/wp-json\/wp\/v2\/posts"}],"about":[{"href":"https:\/\/www.ghconcepcion.cl\/index.php\/wp-json\/wp\/v2\/types\/post"}],"author":[{"embeddable":true,"href":"https:\/\/www.ghconcepcion.cl\/index.php\/wp-json\/wp\/v2\/users\/1"}],"replies":[{"embeddable":true,"href":"https:\/\/www.ghconcepcion.cl\/index.php\/wp-json\/wp\/v2\/comments?post=2358"}],"version-history":[{"count":1,"href":"https:\/\/www.ghconcepcion.cl\/index.php\/wp-json\/wp\/v2\/posts\/2358\/revisions"}],"predecessor-version":[{"id":2360,"href":"https:\/\/www.ghconcepcion.cl\/index.php\/wp-json\/wp\/v2\/posts\/2358\/revisions\/2360"}],"wp:featuredmedia":[{"embeddable":true,"href":"https:\/\/www.ghconcepcion.cl\/index.php\/wp-json\/wp\/v2\/media\/2356"}],"wp:attachment":[{"href":"https:\/\/www.ghconcepcion.cl\/index.php\/wp-json\/wp\/v2\/media?parent=2358"}],"wp:term":[{"taxonomy":"category","embeddable":true,"href":"https:\/\/www.ghconcepcion.cl\/index.php\/wp-json\/wp\/v2\/categories?post=2358"},{"taxonomy":"post_tag","embeddable":true,"href":"https:\/\/www.ghconcepcion.cl\/index.php\/wp-json\/wp\/v2\/tags?post=2358"}],"curies":[{"name":"wp","href":"https:\/\/api.w.org\/{rel}","templated":true}]}}