{"id":2769,"date":"2022-04-06T17:46:11","date_gmt":"2022-04-06T17:46:11","guid":{"rendered":"https:\/\/www.ghconcepcion.cl\/?p=2769"},"modified":"2022-04-06T17:46:12","modified_gmt":"2022-04-06T17:46:12","slug":"ghc-cuenta-con-nuevo-director","status":"publish","type":"post","link":"https:\/\/www.ghconcepcion.cl\/index.php\/2022\/04\/06\/ghc-cuenta-con-nuevo-director\/","title":{"rendered":"GHC cuenta con nuevo Director"},"content":{"rendered":"\n<p>Se trata de Gonzalo Bustos Bustos, Licenciado en Artes Visuales de la Universidad de Concepci\u00f3n y Mag\u00edster en Arte y Patrimonio de la misma casa de estudios.<\/p>\n\n\n\n<p>En dependencias de la Galer\u00eda de la Historia, ubicada en \ud83d\udccd V\u00edctor Lamas a la altura de calle Lincoy\u00e1n y a los pies del Cerro Caracol en el coraz\u00f3n del Parque Ecuador, el alcalde de Concepci\u00f3n \u00c1lvaro Ortiz Vera le dio la bienvenida oficial al nuevo director.<\/p>\n\n\n\n<p>Bustos reemplazar\u00e1 a Mauricio Quevedo Barra, quien se desempe\u00f1\u00f3 en el cargo durante 7 a\u00f1os y que por motivos familiares tuvo que trasladarse a la ciudad de Santiago, la primera autoridad comunal agradeci\u00f3 el trabajo y compromiso durante estos a\u00f1os del ex director y dese\u00f3 \u00e9xito en la nueva gesti\u00f3n.<\/p>\n\n\n\n<p>El actual directivo posee una amplia experiencia en gesti\u00f3n de museos y gestor de proyectos culturales. Especialista en gesti\u00f3n e investigaci\u00f3n del patrimonio, elaboraci\u00f3n e implementaci\u00f3n de proyectos, coordinaci\u00f3n y desarrollo de planificaciones culturales territoriales <\/p>\n\n\n\n<p>En pandemia se mantuvo la Galer\u00eda muy activa, lo que viene ahora es ejecutar proyectos del Fondo de mejoramiento de museos, el primer objetivo es concretar ese proyecto durante estos pr\u00f3ximos 2 meses, seguir elaborando algunos proyectos, hacer los v\u00ednculos con los colegios, organizaciones comunitarias y fortalecer todo el trabajo que ha hecho la Galer\u00eda durante estos 39 a\u00f1os y seguir proyectando este espacio como un foco cultural del Parque Ecuador y Concepci\u00f3n\u201d manifest\u00f3 el nuevo director.<\/p>\n\n\n\n<p>\u00bfY t\u00fa conoces nuestra Galer\u00eda de la Historia de Concepci\u00f3n ? \ud83e\uddd0<\/p>\n\n\n\n<p>M\u00e1s info en www.ghconcepcion.cl<\/p>\n","protected":false},"excerpt":{"rendered":"<p>Se trata de Gonzalo Bustos Bustos, Licenciado en Artes Visuales de la Universidad de Concepci\u00f3n y Mag\u00edster en Arte y Patrimonio de la misma casa de estudios. En dependencias de la Galer\u00eda de la Historia, ubicada en \ud83d\udccd V\u00edctor Lamas a la altura de calle Lincoy\u00e1n y a los pies del Cerro Caracol en el [&hellip;]<\/p>\n","protected":false},"author":1,"featured_media":2772,"comment_status":"open","ping_status":"open","sticky":false,"template":"","format":"standard","meta":{"footnotes":""},"categories":[8],"tags":[],"class_list":["post-2769","post","type-post","status-publish","format-standard","has-post-thumbnail","hentry","category-galeria-de-la-historia"],"_links":{"self":[{"href":"https:\/\/www.ghconcepcion.cl\/index.php\/wp-json\/wp\/v2\/posts\/2769","targetHints":{"allow":["GET"]}}],"collection":[{"href":"https:\/\/www.ghconcepcion.cl\/index.php\/wp-json\/wp\/v2\/posts"}],"about":[{"href":"https:\/\/www.ghconcepcion.cl\/index.php\/wp-json\/wp\/v2\/types\/post"}],"author":[{"embeddable":true,"href":"https:\/\/www.ghconcepcion.cl\/index.php\/wp-json\/wp\/v2\/users\/1"}],"replies":[{"embeddable":true,"href":"https:\/\/www.ghconcepcion.cl\/index.php\/wp-json\/wp\/v2\/comments?post=2769"}],"version-history":[{"count":1,"href":"https:\/\/www.ghconcepcion.cl\/index.php\/wp-json\/wp\/v2\/posts\/2769\/revisions"}],"predecessor-version":[{"id":2773,"href":"https:\/\/www.ghconcepcion.cl\/index.php\/wp-json\/wp\/v2\/posts\/2769\/revisions\/2773"}],"wp:featuredmedia":[{"embeddable":true,"href":"https:\/\/www.ghconcepcion.cl\/index.php\/wp-json\/wp\/v2\/media\/2772"}],"wp:attachment":[{"href":"https:\/\/www.ghconcepcion.cl\/index.php\/wp-json\/wp\/v2\/media?parent=2769"}],"wp:term":[{"taxonomy":"category","embeddable":true,"href":"https:\/\/www.ghconcepcion.cl\/index.php\/wp-json\/wp\/v2\/categories?post=2769"},{"taxonomy":"post_tag","embeddable":true,"href":"https:\/\/www.ghconcepcion.cl\/index.php\/wp-json\/wp\/v2\/tags?post=2769"}],"curies":[{"name":"wp","href":"https:\/\/api.w.org\/{rel}","templated":true}]}}