{"id":2811,"date":"2022-05-13T21:52:58","date_gmt":"2022-05-13T21:52:58","guid":{"rendered":"https:\/\/www.ghconcepcion.cl\/?p=2811"},"modified":"2022-05-13T21:52:59","modified_gmt":"2022-05-13T21:52:59","slug":"informacion-importante","status":"publish","type":"post","link":"https:\/\/www.ghconcepcion.cl\/index.php\/2022\/05\/13\/informacion-importante\/","title":{"rendered":"INFORMACI\u00d3N IMPORTANTE"},"content":{"rendered":"\n<p>Estimados visitantes de la <a href=\"https:\/\/www.facebook.com\/hashtag\/ghc?__eep__=6&amp;__cft__[0]=AZXmq9Ay12llYVBhY0pvuhjp69xCjoaruj4_DFgvEzZPB9Nds6tHSwqh2hRUJ3m-_bLLPKSVIMzcLDIkEzmBIVoPnyvnYxrFiHCPth8hmT4wXg34SSKwcfIYpNYTCTX0wJX6fYrfrz9V0VAoRp2dfj_Y8vmQ3YhDJ9-mizIma-3r1ReOI0b6K76cBVzX0nIDf3w&amp;__tn__=*NK-R\">#GHC<\/a> informamos que el d\u00eda s\u00e1bado 14 de mayo, nuestra Galer\u00eda mantendr\u00e1 sus puertas cerradas a p\u00fablico debido a que se llevar\u00e1n a cabo trabajos internos.Lo anterior, para mejorar la experiencia en el recorrido de cada visitante. Retomamos el horario normal el d\u00eda domingo 15 de mayo en horario habitual.Muchas gracias.<\/p>\n\n\n\n<p><\/p>\n\n\n\n<p><\/p>\n\n\n\n<p><a href=\"https:\/\/www.facebook.com\/hashtag\/patrimonio?__eep__=6&amp;__cft__[0]=AZXmq9Ay12llYVBhY0pvuhjp69xCjoaruj4_DFgvEzZPB9Nds6tHSwqh2hRUJ3m-_bLLPKSVIMzcLDIkEzmBIVoPnyvnYxrFiHCPth8hmT4wXg34SSKwcfIYpNYTCTX0wJX6fYrfrz9V0VAoRp2dfj_Y8vmQ3YhDJ9-mizIma-3r1ReOI0b6K76cBVzX0nIDf3w&amp;__tn__=*NK-R\">#Patrimonio<\/a><a href=\"https:\/\/www.facebook.com\/hashtag\/parqueecuador?__eep__=6&amp;__cft__[0]=AZXmq9Ay12llYVBhY0pvuhjp69xCjoaruj4_DFgvEzZPB9Nds6tHSwqh2hRUJ3m-_bLLPKSVIMzcLDIkEzmBIVoPnyvnYxrFiHCPth8hmT4wXg34SSKwcfIYpNYTCTX0wJX6fYrfrz9V0VAoRp2dfj_Y8vmQ3YhDJ9-mizIma-3r1ReOI0b6K76cBVzX0nIDf3w&amp;__tn__=*NK-R\">#ParqueEcuador<\/a><a href=\"https:\/\/www.facebook.com\/hashtag\/historia?__eep__=6&amp;__cft__[0]=AZXmq9Ay12llYVBhY0pvuhjp69xCjoaruj4_DFgvEzZPB9Nds6tHSwqh2hRUJ3m-_bLLPKSVIMzcLDIkEzmBIVoPnyvnYxrFiHCPth8hmT4wXg34SSKwcfIYpNYTCTX0wJX6fYrfrz9V0VAoRp2dfj_Y8vmQ3YhDJ9-mizIma-3r1ReOI0b6K76cBVzX0nIDf3w&amp;__tn__=*NK-R\">#Historia<\/a><a href=\"https:\/\/www.facebook.com\/hashtag\/cultura?__eep__=6&amp;__cft__[0]=AZXmq9Ay12llYVBhY0pvuhjp69xCjoaruj4_DFgvEzZPB9Nds6tHSwqh2hRUJ3m-_bLLPKSVIMzcLDIkEzmBIVoPnyvnYxrFiHCPth8hmT4wXg34SSKwcfIYpNYTCTX0wJX6fYrfrz9V0VAoRp2dfj_Y8vmQ3YhDJ9-mizIma-3r1ReOI0b6K76cBVzX0nIDf3w&amp;__tn__=*NK-R\">#Cultura<\/a><\/p>\n","protected":false},"excerpt":{"rendered":"<p>Estimados visitantes de la #GHC informamos que el d\u00eda s\u00e1bado 14 de mayo, nuestra Galer\u00eda mantendr\u00e1 sus puertas cerradas a p\u00fablico debido a que se llevar\u00e1n a cabo trabajos internos.Lo anterior, para mejorar la experiencia en el recorrido de cada visitante. Retomamos el horario normal el d\u00eda domingo 15 de mayo en horario habitual.Muchas gracias. [&hellip;]<\/p>\n","protected":false},"author":3,"featured_media":2812,"comment_status":"open","ping_status":"open","sticky":false,"template":"","format":"standard","meta":{"footnotes":""},"categories":[8],"tags":[],"class_list":["post-2811","post","type-post","status-publish","format-standard","has-post-thumbnail","hentry","category-galeria-de-la-historia"],"_links":{"self":[{"href":"https:\/\/www.ghconcepcion.cl\/index.php\/wp-json\/wp\/v2\/posts\/2811","targetHints":{"allow":["GET"]}}],"collection":[{"href":"https:\/\/www.ghconcepcion.cl\/index.php\/wp-json\/wp\/v2\/posts"}],"about":[{"href":"https:\/\/www.ghconcepcion.cl\/index.php\/wp-json\/wp\/v2\/types\/post"}],"author":[{"embeddable":true,"href":"https:\/\/www.ghconcepcion.cl\/index.php\/wp-json\/wp\/v2\/users\/3"}],"replies":[{"embeddable":true,"href":"https:\/\/www.ghconcepcion.cl\/index.php\/wp-json\/wp\/v2\/comments?post=2811"}],"version-history":[{"count":1,"href":"https:\/\/www.ghconcepcion.cl\/index.php\/wp-json\/wp\/v2\/posts\/2811\/revisions"}],"predecessor-version":[{"id":2813,"href":"https:\/\/www.ghconcepcion.cl\/index.php\/wp-json\/wp\/v2\/posts\/2811\/revisions\/2813"}],"wp:featuredmedia":[{"embeddable":true,"href":"https:\/\/www.ghconcepcion.cl\/index.php\/wp-json\/wp\/v2\/media\/2812"}],"wp:attachment":[{"href":"https:\/\/www.ghconcepcion.cl\/index.php\/wp-json\/wp\/v2\/media?parent=2811"}],"wp:term":[{"taxonomy":"category","embeddable":true,"href":"https:\/\/www.ghconcepcion.cl\/index.php\/wp-json\/wp\/v2\/categories?post=2811"},{"taxonomy":"post_tag","embeddable":true,"href":"https:\/\/www.ghconcepcion.cl\/index.php\/wp-json\/wp\/v2\/tags?post=2811"}],"curies":[{"name":"wp","href":"https:\/\/api.w.org\/{rel}","templated":true}]}}