{"id":2843,"date":"2022-06-03T21:56:38","date_gmt":"2022-06-03T21:56:38","guid":{"rendered":"https:\/\/www.ghconcepcion.cl\/?p=2843"},"modified":"2022-06-03T21:59:10","modified_gmt":"2022-06-03T21:59:10","slug":"dia-de-los-patrimonios-2022-en-la-ghc-2","status":"publish","type":"post","link":"https:\/\/www.ghconcepcion.cl\/index.php\/2022\/06\/03\/dia-de-los-patrimonios-2022-en-la-ghc-2\/","title":{"rendered":"D\u00cdA DE LOS PATRIMONIOS 2022 EN LA GHC"},"content":{"rendered":"\n<h2 class=\"wp-block-heading\">D\u00eda de los Patrimonios 2022 en la GHC<\/h2>\n\n\n\n<p>Con una alta convocatoria se celebr\u00f3 el D\u00eda de los Patrimonios en la Corporaci\u00f3n Social y Cultural SEMCO. A trav\u00e9s del Cementerio General, Biblioteca Municipal y Galer\u00eda de la Historia de Concepci\u00f3n se llevaron a cabo m\u00faltiples actividades que tuvieron como objetivo principal la puesta en valor del patrimonio local.<\/p>\n\n\n\n<p>En lo particular, la Galer\u00eda present\u00f3 actividades durante el s\u00e1bado 28 y domingo 29 de mayo en donde el trabajo en red con otras instituciones cobr\u00f3 mucha importancia. As\u00ed, el d\u00eda s\u00e1bado se realizaron recreaciones hist\u00f3ricas junto a la Asociaci\u00f3n de Recreaci\u00f3n Frontera del Biob\u00edo, instancia en que el p\u00fablico pudo interactuar con los personajes, presenciar presentaciones de unidades e instrucciones militares de \u00e9poca.<\/p>\n\n\n\n<p>Por otro lado, durante el domingo se realiz\u00f3 la ruta patrimonial Explorando Conce \u201cde la plaza al parque\u201d actividad en colaboraci\u00f3n con el Museo de Arte Religioso y la Facultad de Comunicaci\u00f3n, Historia y Ciencias Sociales de la UCSC. En esta oportunidad se hizo un recorrido que contempl\u00f3 visitas a la catedral y su cripta, plaza, Banco Chile, Club Concepci\u00f3n, Liceo de Ni\u00f1as, Liceo Comercial, pasaje Trinitarias, Liceo Enrique Molina Garmendia, fueron algunas estaciones de este recorrido y conversaci\u00f3n participativa. Llegando al parque Ecuador, pudimos conocer parte de su historia desde inicios del siglo XX, visitando el monumento de Juan Mart\u00ednez de Rosas, el sector la Cascada y su pasado con la casa de los Veteranos del 79 y el Taller La Cascada. La visita culmin\u00f3 visitando la Galer\u00eda y sus colecciones. Mas de 80 personas se sumaron a esta iniciativa que espera repetir nuevos circuitos en este contexto colaborativo de instituciones patrimoniales.<\/p>\n\n\n\n<p>Finalmente, las visitas guiadas no estuvieron ausentes en esta nueva jornada del D\u00eda de los Patrimonios en la GHC. Estas actividades se desarrollaron ambas jornadas teniendo una alta convocatoria de participantes que pudieron recorrer las 3 salas de nuestro museo.<\/p>\n\n\n\n<figure class=\"wp-block-gallery has-nested-images columns-default is-cropped wp-block-gallery-1 is-layout-flex wp-block-gallery-is-layout-flex\">\n<figure class=\"wp-block-image size-large\"><img fetchpriority=\"high\" decoding=\"async\" width=\"5184\" height=\"3456\" data-id=\"2845\" src=\"https:\/\/www.ghconcepcion.cl\/wp-content\/uploads\/2022\/06\/Explorando-Conce.-De-la-Plaza-al-Parque-GHC1.png\" alt=\"\" class=\"wp-image-2845\" srcset=\"https:\/\/www.ghconcepcion.cl\/wp-content\/uploads\/2022\/06\/Explorando-Conce.-De-la-Plaza-al-Parque-GHC1.png 5184w, https:\/\/www.ghconcepcion.cl\/wp-content\/uploads\/2022\/06\/Explorando-Conce.-De-la-Plaza-al-Parque-GHC1-400x267.png 400w, https:\/\/www.ghconcepcion.cl\/wp-content\/uploads\/2022\/06\/Explorando-Conce.-De-la-Plaza-al-Parque-GHC1-1024x683.png 1024w, https:\/\/www.ghconcepcion.cl\/wp-content\/uploads\/2022\/06\/Explorando-Conce.-De-la-Plaza-al-Parque-GHC1-768x512.png 768w, https:\/\/www.ghconcepcion.cl\/wp-content\/uploads\/2022\/06\/Explorando-Conce.-De-la-Plaza-al-Parque-GHC1-1536x1024.png 1536w, https:\/\/www.ghconcepcion.cl\/wp-content\/uploads\/2022\/06\/Explorando-Conce.-De-la-Plaza-al-Parque-GHC1-2048x1365.png 2048w, https:\/\/www.ghconcepcion.cl\/wp-content\/uploads\/2022\/06\/Explorando-Conce.-De-la-Plaza-al-Parque-GHC1-219x146.png 219w, https:\/\/www.ghconcepcion.cl\/wp-content\/uploads\/2022\/06\/Explorando-Conce.-De-la-Plaza-al-Parque-GHC1-50x33.png 50w, https:\/\/www.ghconcepcion.cl\/wp-content\/uploads\/2022\/06\/Explorando-Conce.-De-la-Plaza-al-Parque-GHC1-113x75.png 113w\" sizes=\"(max-width: 5184px) 100vw, 5184px\" \/><\/figure>\n\n\n\n<figure class=\"wp-block-image size-large\"><img decoding=\"async\" width=\"5184\" height=\"3456\" data-id=\"2846\" src=\"https:\/\/www.ghconcepcion.cl\/wp-content\/uploads\/2022\/06\/Explorando-Conce.-De-la-Plaza-al-Parque-JMR-GHC1.png\" alt=\"\" class=\"wp-image-2846\" srcset=\"https:\/\/www.ghconcepcion.cl\/wp-content\/uploads\/2022\/06\/Explorando-Conce.-De-la-Plaza-al-Parque-JMR-GHC1.png 5184w, https:\/\/www.ghconcepcion.cl\/wp-content\/uploads\/2022\/06\/Explorando-Conce.-De-la-Plaza-al-Parque-JMR-GHC1-400x267.png 400w, https:\/\/www.ghconcepcion.cl\/wp-content\/uploads\/2022\/06\/Explorando-Conce.-De-la-Plaza-al-Parque-JMR-GHC1-1024x683.png 1024w, https:\/\/www.ghconcepcion.cl\/wp-content\/uploads\/2022\/06\/Explorando-Conce.-De-la-Plaza-al-Parque-JMR-GHC1-768x512.png 768w, https:\/\/www.ghconcepcion.cl\/wp-content\/uploads\/2022\/06\/Explorando-Conce.-De-la-Plaza-al-Parque-JMR-GHC1-1536x1024.png 1536w, https:\/\/www.ghconcepcion.cl\/wp-content\/uploads\/2022\/06\/Explorando-Conce.-De-la-Plaza-al-Parque-JMR-GHC1-2048x1365.png 2048w, https:\/\/www.ghconcepcion.cl\/wp-content\/uploads\/2022\/06\/Explorando-Conce.-De-la-Plaza-al-Parque-JMR-GHC1-219x146.png 219w, https:\/\/www.ghconcepcion.cl\/wp-content\/uploads\/2022\/06\/Explorando-Conce.-De-la-Plaza-al-Parque-JMR-GHC1-50x33.png 50w, https:\/\/www.ghconcepcion.cl\/wp-content\/uploads\/2022\/06\/Explorando-Conce.-De-la-Plaza-al-Parque-JMR-GHC1-113x75.png 113w\" sizes=\"(max-width: 5184px) 100vw, 5184px\" \/><\/figure>\n\n\n\n<figure class=\"wp-block-image size-large\"><img decoding=\"async\" width=\"3325\" height=\"2494\" data-id=\"2847\" src=\"https:\/\/www.ghconcepcion.cl\/wp-content\/uploads\/2022\/06\/Recreacio\u0301n-histo\u0301rica-GHC-11-1.png\" alt=\"\" class=\"wp-image-2847\" srcset=\"https:\/\/www.ghconcepcion.cl\/wp-content\/uploads\/2022\/06\/Recreacio\u0301n-histo\u0301rica-GHC-11-1.png 3325w, https:\/\/www.ghconcepcion.cl\/wp-content\/uploads\/2022\/06\/Recreacio\u0301n-histo\u0301rica-GHC-11-1-400x300.png 400w, https:\/\/www.ghconcepcion.cl\/wp-content\/uploads\/2022\/06\/Recreacio\u0301n-histo\u0301rica-GHC-11-1-1024x768.png 1024w, https:\/\/www.ghconcepcion.cl\/wp-content\/uploads\/2022\/06\/Recreacio\u0301n-histo\u0301rica-GHC-11-1-768x576.png 768w, https:\/\/www.ghconcepcion.cl\/wp-content\/uploads\/2022\/06\/Recreacio\u0301n-histo\u0301rica-GHC-11-1-1536x1152.png 1536w, https:\/\/www.ghconcepcion.cl\/wp-content\/uploads\/2022\/06\/Recreacio\u0301n-histo\u0301rica-GHC-11-1-2048x1536.png 2048w, https:\/\/www.ghconcepcion.cl\/wp-content\/uploads\/2022\/06\/Recreacio\u0301n-histo\u0301rica-GHC-11-1-195x146.png 195w, https:\/\/www.ghconcepcion.cl\/wp-content\/uploads\/2022\/06\/Recreacio\u0301n-histo\u0301rica-GHC-11-1-50x38.png 50w, https:\/\/www.ghconcepcion.cl\/wp-content\/uploads\/2022\/06\/Recreacio\u0301n-histo\u0301rica-GHC-11-1-100x75.png 100w\" sizes=\"(max-width: 3325px) 100vw, 3325px\" \/><\/figure>\n\n\n\n<figure class=\"wp-block-image size-large\"><img loading=\"lazy\" decoding=\"async\" width=\"2560\" height=\"1920\" data-id=\"2848\" src=\"https:\/\/www.ghconcepcion.cl\/wp-content\/uploads\/2022\/06\/Recreacion-historica-GHC-31-scaled.jpeg\" alt=\"\" class=\"wp-image-2848\" srcset=\"https:\/\/www.ghconcepcion.cl\/wp-content\/uploads\/2022\/06\/Recreacion-historica-GHC-31-scaled.jpeg 2560w, https:\/\/www.ghconcepcion.cl\/wp-content\/uploads\/2022\/06\/Recreacion-historica-GHC-31-400x300.jpeg 400w, https:\/\/www.ghconcepcion.cl\/wp-content\/uploads\/2022\/06\/Recreacion-historica-GHC-31-1024x768.jpeg 1024w, https:\/\/www.ghconcepcion.cl\/wp-content\/uploads\/2022\/06\/Recreacion-historica-GHC-31-768x576.jpeg 768w, https:\/\/www.ghconcepcion.cl\/wp-content\/uploads\/2022\/06\/Recreacion-historica-GHC-31-1536x1152.jpeg 1536w, https:\/\/www.ghconcepcion.cl\/wp-content\/uploads\/2022\/06\/Recreacion-historica-GHC-31-2048x1536.jpeg 2048w, https:\/\/www.ghconcepcion.cl\/wp-content\/uploads\/2022\/06\/Recreacion-historica-GHC-31-195x146.jpeg 195w, https:\/\/www.ghconcepcion.cl\/wp-content\/uploads\/2022\/06\/Recreacion-historica-GHC-31-50x38.jpeg 50w, https:\/\/www.ghconcepcion.cl\/wp-content\/uploads\/2022\/06\/Recreacion-historica-GHC-31-100x75.jpeg 100w\" sizes=\"(max-width: 2560px) 100vw, 2560px\" \/><\/figure>\n\n\n\n<figure class=\"wp-block-image size-large\"><img loading=\"lazy\" decoding=\"async\" width=\"5184\" height=\"3456\" data-id=\"2849\" src=\"https:\/\/www.ghconcepcion.cl\/wp-content\/uploads\/2022\/06\/Visita-GHC1.png\" alt=\"\" class=\"wp-image-2849\" srcset=\"https:\/\/www.ghconcepcion.cl\/wp-content\/uploads\/2022\/06\/Visita-GHC1.png 5184w, https:\/\/www.ghconcepcion.cl\/wp-content\/uploads\/2022\/06\/Visita-GHC1-400x267.png 400w, https:\/\/www.ghconcepcion.cl\/wp-content\/uploads\/2022\/06\/Visita-GHC1-1024x683.png 1024w, https:\/\/www.ghconcepcion.cl\/wp-content\/uploads\/2022\/06\/Visita-GHC1-768x512.png 768w, https:\/\/www.ghconcepcion.cl\/wp-content\/uploads\/2022\/06\/Visita-GHC1-1536x1024.png 1536w, https:\/\/www.ghconcepcion.cl\/wp-content\/uploads\/2022\/06\/Visita-GHC1-2048x1365.png 2048w, https:\/\/www.ghconcepcion.cl\/wp-content\/uploads\/2022\/06\/Visita-GHC1-219x146.png 219w, https:\/\/www.ghconcepcion.cl\/wp-content\/uploads\/2022\/06\/Visita-GHC1-50x33.png 50w, https:\/\/www.ghconcepcion.cl\/wp-content\/uploads\/2022\/06\/Visita-GHC1-113x75.png 113w\" sizes=\"(max-width: 5184px) 100vw, 5184px\" \/><\/figure>\n\n\n\n<figure class=\"wp-block-image size-large\"><img loading=\"lazy\" decoding=\"async\" width=\"2560\" height=\"1707\" data-id=\"2850\" src=\"https:\/\/www.ghconcepcion.cl\/wp-content\/uploads\/2022\/06\/Visita-Guiada-GHC1-scaled.jpg\" alt=\"\" class=\"wp-image-2850\" srcset=\"https:\/\/www.ghconcepcion.cl\/wp-content\/uploads\/2022\/06\/Visita-Guiada-GHC1-scaled.jpg 2560w, https:\/\/www.ghconcepcion.cl\/wp-content\/uploads\/2022\/06\/Visita-Guiada-GHC1-400x267.jpg 400w, https:\/\/www.ghconcepcion.cl\/wp-content\/uploads\/2022\/06\/Visita-Guiada-GHC1-1024x683.jpg 1024w, https:\/\/www.ghconcepcion.cl\/wp-content\/uploads\/2022\/06\/Visita-Guiada-GHC1-768x512.jpg 768w, https:\/\/www.ghconcepcion.cl\/wp-content\/uploads\/2022\/06\/Visita-Guiada-GHC1-1536x1024.jpg 1536w, https:\/\/www.ghconcepcion.cl\/wp-content\/uploads\/2022\/06\/Visita-Guiada-GHC1-2048x1365.jpg 2048w, https:\/\/www.ghconcepcion.cl\/wp-content\/uploads\/2022\/06\/Visita-Guiada-GHC1-219x146.jpg 219w, https:\/\/www.ghconcepcion.cl\/wp-content\/uploads\/2022\/06\/Visita-Guiada-GHC1-50x33.jpg 50w, https:\/\/www.ghconcepcion.cl\/wp-content\/uploads\/2022\/06\/Visita-Guiada-GHC1-113x75.jpg 113w\" sizes=\"(max-width: 2560px) 100vw, 2560px\" \/><\/figure>\n<\/figure>\n\n\n\n<p><\/p>\n","protected":false},"excerpt":{"rendered":"<p>D\u00eda de los Patrimonios 2022 en la GHC Con una alta convocatoria se celebr\u00f3 el D\u00eda de los Patrimonios en la Corporaci\u00f3n Social y Cultural SEMCO. A trav\u00e9s del Cementerio General, Biblioteca Municipal y Galer\u00eda de la Historia de Concepci\u00f3n se llevaron a cabo m\u00faltiples actividades que tuvieron como objetivo principal la puesta en valor [&hellip;]<\/p>\n","protected":false},"author":3,"featured_media":2844,"comment_status":"open","ping_status":"open","sticky":false,"template":"","format":"standard","meta":{"footnotes":""},"categories":[8],"tags":[],"class_list":["post-2843","post","type-post","status-publish","format-standard","has-post-thumbnail","hentry","category-galeria-de-la-historia"],"_links":{"self":[{"href":"https:\/\/www.ghconcepcion.cl\/index.php\/wp-json\/wp\/v2\/posts\/2843","targetHints":{"allow":["GET"]}}],"collection":[{"href":"https:\/\/www.ghconcepcion.cl\/index.php\/wp-json\/wp\/v2\/posts"}],"about":[{"href":"https:\/\/www.ghconcepcion.cl\/index.php\/wp-json\/wp\/v2\/types\/post"}],"author":[{"embeddable":true,"href":"https:\/\/www.ghconcepcion.cl\/index.php\/wp-json\/wp\/v2\/users\/3"}],"replies":[{"embeddable":true,"href":"https:\/\/www.ghconcepcion.cl\/index.php\/wp-json\/wp\/v2\/comments?post=2843"}],"version-history":[{"count":5,"href":"https:\/\/www.ghconcepcion.cl\/index.php\/wp-json\/wp\/v2\/posts\/2843\/revisions"}],"predecessor-version":[{"id":2856,"href":"https:\/\/www.ghconcepcion.cl\/index.php\/wp-json\/wp\/v2\/posts\/2843\/revisions\/2856"}],"wp:featuredmedia":[{"embeddable":true,"href":"https:\/\/www.ghconcepcion.cl\/index.php\/wp-json\/wp\/v2\/media\/2844"}],"wp:attachment":[{"href":"https:\/\/www.ghconcepcion.cl\/index.php\/wp-json\/wp\/v2\/media?parent=2843"}],"wp:term":[{"taxonomy":"category","embeddable":true,"href":"https:\/\/www.ghconcepcion.cl\/index.php\/wp-json\/wp\/v2\/categories?post=2843"},{"taxonomy":"post_tag","embeddable":true,"href":"https:\/\/www.ghconcepcion.cl\/index.php\/wp-json\/wp\/v2\/tags?post=2843"}],"curies":[{"name":"wp","href":"https:\/\/api.w.org\/{rel}","templated":true}]}}