{"id":2934,"date":"2022-09-28T15:26:25","date_gmt":"2022-09-28T15:26:25","guid":{"rendered":"https:\/\/www.ghconcepcion.cl\/?p=2934"},"modified":"2022-09-28T15:48:41","modified_gmt":"2022-09-28T15:48:41","slug":"ciclo-de-charlas-historias-de-concepcion","status":"publish","type":"post","link":"https:\/\/www.ghconcepcion.cl\/index.php\/2022\/09\/28\/ciclo-de-charlas-historias-de-concepcion\/","title":{"rendered":"Ciclo de Charlas \u00abHistorias de Concepci\u00f3n\u00bb"},"content":{"rendered":"\n<h2 class=\"has-text-color has-background wp-block-heading\" style=\"background-color:#f3f1eb;color:#340404\"><strong>Ciclo de Charlas \u00abHistorias de Concepci\u00f3n\u00bb<\/strong><\/h2>\n\n\n\n<hr class=\"wp-block-separator has-text-color has-background\" style=\"background-color:#e9d8cb;color:#e9d8cb\"\/>\n\n\n\n<p class=\"has-text-color\" style=\"color:#5e371b\"><em><strong>Actividad acad\u00e9mica-comunitaria, tiene como objetivo difundir investigaciones del territorio penquista en un espacio abierto en la GHC.<\/strong><\/em><\/p>\n\n\n\n<p>En el contexto de un nuevo aniversario de la Fundaci\u00f3n de la Ciudad de Concepci\u00f3n, la Facultad de Comunicaci\u00f3n, Historia y Ciencias Sociales de la Universidad Cat\u00f3lica de la Sant\u00edsima Concepci\u00f3n y la Corporaci\u00f3n SEMCO a trav\u00e9s del Archivo Hist\u00f3rico y la Galer\u00eda de la Historia de Concepci\u00f3n han realizado un trabajo colaborativo para llevar a cabo este ciclo de charlas denominadas \u201cHistorias de Concepci\u00f3n\u201d 8 encuentros durante octubre y noviembre del presente a\u00f1o, que difundir\u00e1n resultados del trabajo de acad\u00e9micos\/as, estudiantes e investigadores que abordan diversas problem\u00e1ticas de la historia penquista, como : sociedad urbana colonial, riesgos naturales, intelectuales, mutualidades femeninas, econom\u00eda y sociedad, la muerte, inmigrantes, entre otros.<\/p>\n\n\n\n<p>La primera exposici\u00f3n estar\u00e1 a cargo del acad\u00e9mico Dr. Manuel Ram\u00edrez Esp\u00edndola, titulada \u00abLa ciudad y su frontera: Concepci\u00f3n y su espacio regional durante el periodo colonial, siglos XVI-XIX\u00bb. Y se llevar\u00e1 a cabo el mi\u00e9rcoles 5 de octubre de 2022 en la Plaza de la Historia de la Galer\u00eda de la Historia ubicada en calle Hospicio 40, Parque Ecuador.<\/p>\n\n\n\n<div style=\"height:15px\" aria-hidden=\"true\" class=\"wp-block-spacer\"><\/div>\n\n\n\n<div class=\"wp-block-image\"><figure class=\"aligncenter size-large\"><img fetchpriority=\"high\" decoding=\"async\" width=\"724\" height=\"1024\" src=\"https:\/\/www.ghconcepcion.cl\/wp-content\/uploads\/2022\/09\/0-AFICHE-GENERAL-1-724x1024.jpg\" alt=\"\" class=\"wp-image-2942\" srcset=\"https:\/\/www.ghconcepcion.cl\/wp-content\/uploads\/2022\/09\/0-AFICHE-GENERAL-1-724x1024.jpg 724w, https:\/\/www.ghconcepcion.cl\/wp-content\/uploads\/2022\/09\/0-AFICHE-GENERAL-1-283x400.jpg 283w, https:\/\/www.ghconcepcion.cl\/wp-content\/uploads\/2022\/09\/0-AFICHE-GENERAL-1-768x1086.jpg 768w, https:\/\/www.ghconcepcion.cl\/wp-content\/uploads\/2022\/09\/0-AFICHE-GENERAL-1-1086x1536.jpg 1086w, https:\/\/www.ghconcepcion.cl\/wp-content\/uploads\/2022\/09\/0-AFICHE-GENERAL-1-1448x2048.jpg 1448w, https:\/\/www.ghconcepcion.cl\/wp-content\/uploads\/2022\/09\/0-AFICHE-GENERAL-1-103x146.jpg 103w, https:\/\/www.ghconcepcion.cl\/wp-content\/uploads\/2022\/09\/0-AFICHE-GENERAL-1-35x50.jpg 35w, https:\/\/www.ghconcepcion.cl\/wp-content\/uploads\/2022\/09\/0-AFICHE-GENERAL-1-53x75.jpg 53w, https:\/\/www.ghconcepcion.cl\/wp-content\/uploads\/2022\/09\/0-AFICHE-GENERAL-1-scaled.jpg 1811w\" sizes=\"(max-width: 724px) 100vw, 724px\" \/><\/figure><\/div>\n\n\n\n<div style=\"height:48px\" aria-hidden=\"true\" class=\"wp-block-spacer\"><\/div>\n\n\n\n<h5 class=\"has-white-background-color has-background wp-block-heading\">P<strong>ROGRAMA CICLO DE CHARLAS \u201cHISTORIAS DE CONCEPCI\u00d3N\u201d<\/strong><\/h5>\n\n\n\n<hr class=\"wp-block-separator has-text-color has-background\" style=\"background-color:#f4e3d8;color:#f4e3d8\"\/>\n\n\n\n<div class=\"wp-block-columns is-layout-flex wp-container-core-columns-is-layout-28f84493 wp-block-columns-is-layout-flex\">\n<div class=\"wp-block-column is-layout-flow wp-block-column-is-layout-flow\">\n<p class=\"has-white-color has-text-color has-background\" style=\"background-color:#79549c\"><strong>Octubre 18:00 hrs:<\/strong><\/p>\n\n\n\n<p><strong>05-10-22.<\/strong> Manuel Ram\u00edrez Esp\u00edndola \u201cLa ciudad y su frontera: Concepci\u00f3n y su espacio regional durante el periodo colonial, siglos XVI-XIX\u201d<\/p>\n\n\n\n<p><strong>12-10-22.<\/strong> Carlos Le\u00f3n Heredia \u201cLos espacios de la muerte en Concepci\u00f3n. Del intramuro al extramuro. Siglos XVIII-XIX\u201d<\/p>\n\n\n\n<p><strong>19-10-22. <\/strong>Carolina Ojeda Leal \u201cGeograf\u00eda y desastres naturales en Concepci\u00f3n\u201d<\/p>\n\n\n\n<p><strong>26-10-22.<\/strong> Wilson Lermanda Delgado \u201cDe entrep\u00f4t a puerto comercial del Pac\u00edfico Sur: Talcahuano, 1872-1914<\/p>\n<\/div>\n\n\n\n<div class=\"wp-block-column is-layout-flow wp-block-column-is-layout-flow\">\n<p class=\"has-white-color has-text-color has-background\" style=\"background-color:#bb540b\"><strong>Noviembre 18:00 hrs:<\/strong><\/p>\n\n\n\n<p><strong>02-11-22.<\/strong> F\u00e1tima A. Poblete Ortiz \u201cinmigrantes alemanes en la Provincia de Concepci\u00f3n\u201d<\/p>\n\n\n\n<p><strong>09-11-22. <\/strong>Natalia Baeza Contreras \u201cLa mujer en la sociabilidad mutualista de Concepci\u00f3n: el caso de la Ilustraci\u00f3n de la Mujer\u201d<\/p>\n\n\n\n<p><strong>16.11.22.<\/strong> Mat\u00edas Ram\u00edrez \u00c1lvarez \u201cC\u00e1rcel y presidio: Sociedad, marginalidad urbana y vida cotidiana en Concepci\u00f3n, 1903-1913\u201d<\/p>\n\n\n\n<p><strong>23-11-22.<\/strong> Rub\u00e9n Elgueta Reyes \u201cSociabilidades de progreso\u201d La intelectualidad de Concepci\u00f3n en el siglo XX, \u201cideas\u201d y \u201ccambio\u201d, 1918-1970.<\/p>\n<\/div>\n<\/div>\n\n\n\n<div style=\"height:18px\" aria-hidden=\"true\" class=\"wp-block-spacer\"><\/div>\n\n\n\n<p class=\"has-background\" style=\"background-color:#e8e6e6\"><strong>Organiza:<\/strong><\/p>\n\n\n\n<p>Archivo Hist\u00f3rico de Concepci\u00f3n<\/p>\n\n\n\n<p>Facultad de Comunicaci\u00f3n, Historia y Cs. Sociales UCSC.<\/p>\n\n\n\n<p class=\"has-background\" style=\"background-color:#f5efef\"><strong>Colabora:<\/strong><\/p>\n\n\n\n<p>Galer\u00eda de la Historia de Concepci\u00f3n<\/p>\n\n\n\n<p>Licenciatura en Historia UCSC<\/p>\n\n\n\n<p>Departamento de Historia y Geograf\u00eda UCSC<\/p>\n\n\n\n<p>Formaci\u00f3n Continua Sociales UCSC<\/p>\n\n\n\n<p>Museo de Arte Religioso UCSC<\/p>\n","protected":false},"excerpt":{"rendered":"<p>Ciclo de Charlas \u00abHistorias de Concepci\u00f3n\u00bb Actividad acad\u00e9mica-comunitaria, tiene como objetivo difundir investigaciones del territorio penquista en un espacio abierto en la GHC. En el contexto de un nuevo aniversario de la Fundaci\u00f3n de la Ciudad de Concepci\u00f3n, la Facultad de Comunicaci\u00f3n, Historia y Ciencias Sociales de la Universidad Cat\u00f3lica de la Sant\u00edsima Concepci\u00f3n y [&hellip;]<\/p>\n","protected":false},"author":3,"featured_media":2940,"comment_status":"open","ping_status":"open","sticky":false,"template":"","format":"standard","meta":{"footnotes":""},"categories":[8],"tags":[],"class_list":["post-2934","post","type-post","status-publish","format-standard","has-post-thumbnail","hentry","category-galeria-de-la-historia"],"_links":{"self":[{"href":"https:\/\/www.ghconcepcion.cl\/index.php\/wp-json\/wp\/v2\/posts\/2934","targetHints":{"allow":["GET"]}}],"collection":[{"href":"https:\/\/www.ghconcepcion.cl\/index.php\/wp-json\/wp\/v2\/posts"}],"about":[{"href":"https:\/\/www.ghconcepcion.cl\/index.php\/wp-json\/wp\/v2\/types\/post"}],"author":[{"embeddable":true,"href":"https:\/\/www.ghconcepcion.cl\/index.php\/wp-json\/wp\/v2\/users\/3"}],"replies":[{"embeddable":true,"href":"https:\/\/www.ghconcepcion.cl\/index.php\/wp-json\/wp\/v2\/comments?post=2934"}],"version-history":[{"count":16,"href":"https:\/\/www.ghconcepcion.cl\/index.php\/wp-json\/wp\/v2\/posts\/2934\/revisions"}],"predecessor-version":[{"id":2963,"href":"https:\/\/www.ghconcepcion.cl\/index.php\/wp-json\/wp\/v2\/posts\/2934\/revisions\/2963"}],"wp:featuredmedia":[{"embeddable":true,"href":"https:\/\/www.ghconcepcion.cl\/index.php\/wp-json\/wp\/v2\/media\/2940"}],"wp:attachment":[{"href":"https:\/\/www.ghconcepcion.cl\/index.php\/wp-json\/wp\/v2\/media?parent=2934"}],"wp:term":[{"taxonomy":"category","embeddable":true,"href":"https:\/\/www.ghconcepcion.cl\/index.php\/wp-json\/wp\/v2\/categories?post=2934"},{"taxonomy":"post_tag","embeddable":true,"href":"https:\/\/www.ghconcepcion.cl\/index.php\/wp-json\/wp\/v2\/tags?post=2934"}],"curies":[{"name":"wp","href":"https:\/\/api.w.org\/{rel}","templated":true}]}}