{"id":2964,"date":"2022-09-30T17:22:28","date_gmt":"2022-09-30T17:22:28","guid":{"rendered":"https:\/\/www.ghconcepcion.cl\/?p=2964"},"modified":"2022-09-30T17:34:12","modified_gmt":"2022-09-30T17:34:12","slug":"la-ciudad-y-yo-encuentro-de-poesia-y-creacion","status":"publish","type":"post","link":"https:\/\/www.ghconcepcion.cl\/index.php\/2022\/09\/30\/la-ciudad-y-yo-encuentro-de-poesia-y-creacion\/","title":{"rendered":"La Ciudad y yo: Encuentro de Poes\u00eda y creaci\u00f3n"},"content":{"rendered":"\n<h2 class=\"wp-block-heading\">La Ciudad y yo: Encuentro de Poes\u00eda y creaci\u00f3n<\/h2>\n\n\n\n<p><\/p>\n\n\n\n<p><em>Evento cultural se llev\u00f3 a cabo en la plaza de la Galer\u00eda de la Historia de Concepci\u00f3n y cont\u00f3 con diferentes disciplinas art\u00edsticas dispuestas para el p\u00fablico asistente.<\/em><\/p>\n\n\n\n<p>El pasado s\u00e1bado 24 de septiembre se llev\u00f3 a cabo en la plaza de la historia de la GHC, la actividad <strong><em>\u201cLa ciudad y yo: encuentro de arte de poes\u00eda\u201d<\/em><\/strong> encuentro que tuvo como ejes tem\u00e1ticos la lectura po\u00e9tica y la m\u00fasica, dem\u00e1s estaciones de creaci\u00f3n para las y los participantes, entre las que destac\u00f3 la pintura en vivo. Este encuentro fue organizado por el Colectivo Galer\u00eda en colaboraci\u00f3n con la Oficina Municipal de la Discapacidad mediante el grupo de Arteterapia.<\/p>\n\n\n\n<figure class=\"wp-block-gallery has-nested-images columns-default is-cropped wp-block-gallery-1 is-layout-flex wp-block-gallery-is-layout-flex\">\n<figure class=\"wp-block-image size-large\"><img fetchpriority=\"high\" decoding=\"async\" width=\"1024\" height=\"682\" data-id=\"2966\" src=\"https:\/\/www.ghconcepcion.cl\/wp-content\/uploads\/2022\/09\/1-1024x682.png\" alt=\"\" class=\"wp-image-2966\" srcset=\"https:\/\/www.ghconcepcion.cl\/wp-content\/uploads\/2022\/09\/1-1024x682.png 1024w, https:\/\/www.ghconcepcion.cl\/wp-content\/uploads\/2022\/09\/1-400x267.png 400w, https:\/\/www.ghconcepcion.cl\/wp-content\/uploads\/2022\/09\/1-768x512.png 768w, https:\/\/www.ghconcepcion.cl\/wp-content\/uploads\/2022\/09\/1-1536x1024.png 1536w, https:\/\/www.ghconcepcion.cl\/wp-content\/uploads\/2022\/09\/1-219x146.png 219w, https:\/\/www.ghconcepcion.cl\/wp-content\/uploads\/2022\/09\/1-50x33.png 50w, https:\/\/www.ghconcepcion.cl\/wp-content\/uploads\/2022\/09\/1-113x75.png 113w, https:\/\/www.ghconcepcion.cl\/wp-content\/uploads\/2022\/09\/1.png 1772w\" sizes=\"(max-width: 1024px) 100vw, 1024px\" \/><\/figure>\n\n\n\n<figure class=\"wp-block-image size-large\"><img decoding=\"async\" width=\"1772\" height=\"1181\" data-id=\"2965\" src=\"https:\/\/www.ghconcepcion.cl\/wp-content\/uploads\/2022\/09\/2-1024x682.png\" alt=\"\" class=\"wp-image-2965\" srcset=\"https:\/\/www.ghconcepcion.cl\/wp-content\/uploads\/2022\/09\/2-1024x682.png 1024w, https:\/\/www.ghconcepcion.cl\/wp-content\/uploads\/2022\/09\/2-400x267.png 400w, https:\/\/www.ghconcepcion.cl\/wp-content\/uploads\/2022\/09\/2-768x512.png 768w, https:\/\/www.ghconcepcion.cl\/wp-content\/uploads\/2022\/09\/2-1536x1024.png 1536w, https:\/\/www.ghconcepcion.cl\/wp-content\/uploads\/2022\/09\/2-219x146.png 219w, https:\/\/www.ghconcepcion.cl\/wp-content\/uploads\/2022\/09\/2-50x33.png 50w, https:\/\/www.ghconcepcion.cl\/wp-content\/uploads\/2022\/09\/2-113x75.png 113w, https:\/\/www.ghconcepcion.cl\/wp-content\/uploads\/2022\/09\/2.png 1772w\" sizes=\"(max-width: 1772px) 100vw, 1772px\" \/><\/figure>\n\n\n\n<figure class=\"wp-block-image size-large\"><img decoding=\"async\" width=\"1024\" height=\"682\" data-id=\"2967\" src=\"https:\/\/www.ghconcepcion.cl\/wp-content\/uploads\/2022\/09\/3-1024x682.png\" alt=\"\" class=\"wp-image-2967\" srcset=\"https:\/\/www.ghconcepcion.cl\/wp-content\/uploads\/2022\/09\/3-1024x682.png 1024w, https:\/\/www.ghconcepcion.cl\/wp-content\/uploads\/2022\/09\/3-400x267.png 400w, https:\/\/www.ghconcepcion.cl\/wp-content\/uploads\/2022\/09\/3-768x512.png 768w, https:\/\/www.ghconcepcion.cl\/wp-content\/uploads\/2022\/09\/3-1536x1024.png 1536w, https:\/\/www.ghconcepcion.cl\/wp-content\/uploads\/2022\/09\/3-219x146.png 219w, https:\/\/www.ghconcepcion.cl\/wp-content\/uploads\/2022\/09\/3-50x33.png 50w, https:\/\/www.ghconcepcion.cl\/wp-content\/uploads\/2022\/09\/3-113x75.png 113w, https:\/\/www.ghconcepcion.cl\/wp-content\/uploads\/2022\/09\/3.png 1772w\" sizes=\"(max-width: 1024px) 100vw, 1024px\" \/><\/figure>\n<\/figure>\n\n\n\n<p>El objetivo del Colectivo y su extensi\u00f3n a esta actividad fue generar espacios donde la poes\u00eda se identificara como parte de lo cotidiano, trabajando junto a grupos y organizaciones vinculados a la poes\u00eda y la creaci\u00f3n. Por medio de la Oficina de la Discapacidad de Concepci\u00f3n se realiz\u00f3 el nexo con el grupo de Arteterapia quienes con inter\u00e9s propusieron como tema del encuentro \u201cLa ciudad y yo\u201d. <\/p>\n\n\n\n<div class=\"wp-block-image\"><figure class=\"aligncenter size-large\"><img loading=\"lazy\" decoding=\"async\" width=\"1024\" height=\"682\" src=\"https:\/\/www.ghconcepcion.cl\/wp-content\/uploads\/2022\/09\/4-1024x682.png\" alt=\"\" class=\"wp-image-2968\" srcset=\"https:\/\/www.ghconcepcion.cl\/wp-content\/uploads\/2022\/09\/4-1024x682.png 1024w, https:\/\/www.ghconcepcion.cl\/wp-content\/uploads\/2022\/09\/4-400x267.png 400w, https:\/\/www.ghconcepcion.cl\/wp-content\/uploads\/2022\/09\/4-768x512.png 768w, https:\/\/www.ghconcepcion.cl\/wp-content\/uploads\/2022\/09\/4-1536x1024.png 1536w, https:\/\/www.ghconcepcion.cl\/wp-content\/uploads\/2022\/09\/4-219x146.png 219w, https:\/\/www.ghconcepcion.cl\/wp-content\/uploads\/2022\/09\/4-50x33.png 50w, https:\/\/www.ghconcepcion.cl\/wp-content\/uploads\/2022\/09\/4-113x75.png 113w, https:\/\/www.ghconcepcion.cl\/wp-content\/uploads\/2022\/09\/4.png 1772w\" sizes=\"(max-width: 1024px) 100vw, 1024px\" \/><\/figure><\/div>\n\n\n\n<div style=\"height:19px\" aria-hidden=\"true\" class=\"wp-block-spacer\"><\/div>\n\n\n\n<p>A partir de \u00e9l, comenzaron a trabajar sus textos y se hizo la invitaci\u00f3n a declamar en el encuentro a poetas de la provincia. El grupo de Arteterapia, trabaj\u00f3 adem\u00e1s de forma autogestionada en un fanzine con sus textos para compartir con la comunidad. Finalmente se sum\u00f3 a esta experiencia desde la pintura en vivo, el centro art\u00edstico Gustarte dirigido por Gustavo Salazar, quienes nos invitaron a reflexionar desde sus creaciones el d\u00eda del encuentro.<\/p>\n\n\n\n<div style=\"height:14px\" aria-hidden=\"true\" class=\"wp-block-spacer\"><\/div>\n\n\n\n<figure class=\"wp-block-gallery has-nested-images columns-default is-cropped wp-block-gallery-2 is-layout-flex wp-block-gallery-is-layout-flex\">\n<figure class=\"wp-block-image size-large\"><img loading=\"lazy\" decoding=\"async\" width=\"1024\" height=\"682\" data-id=\"2974\" src=\"https:\/\/www.ghconcepcion.cl\/wp-content\/uploads\/2022\/09\/5-1024x682.png\" alt=\"\" class=\"wp-image-2974\" srcset=\"https:\/\/www.ghconcepcion.cl\/wp-content\/uploads\/2022\/09\/5-1024x682.png 1024w, https:\/\/www.ghconcepcion.cl\/wp-content\/uploads\/2022\/09\/5-400x267.png 400w, https:\/\/www.ghconcepcion.cl\/wp-content\/uploads\/2022\/09\/5-768x512.png 768w, https:\/\/www.ghconcepcion.cl\/wp-content\/uploads\/2022\/09\/5-1536x1024.png 1536w, https:\/\/www.ghconcepcion.cl\/wp-content\/uploads\/2022\/09\/5-219x146.png 219w, https:\/\/www.ghconcepcion.cl\/wp-content\/uploads\/2022\/09\/5-50x33.png 50w, https:\/\/www.ghconcepcion.cl\/wp-content\/uploads\/2022\/09\/5-113x75.png 113w, https:\/\/www.ghconcepcion.cl\/wp-content\/uploads\/2022\/09\/5.png 1772w\" sizes=\"(max-width: 1024px) 100vw, 1024px\" \/><\/figure>\n\n\n\n<figure class=\"wp-block-image size-large\"><img loading=\"lazy\" decoding=\"async\" width=\"1024\" height=\"682\" data-id=\"2970\" src=\"https:\/\/www.ghconcepcion.cl\/wp-content\/uploads\/2022\/09\/6-1024x682.png\" alt=\"\" class=\"wp-image-2970\" srcset=\"https:\/\/www.ghconcepcion.cl\/wp-content\/uploads\/2022\/09\/6-1024x682.png 1024w, https:\/\/www.ghconcepcion.cl\/wp-content\/uploads\/2022\/09\/6-400x267.png 400w, https:\/\/www.ghconcepcion.cl\/wp-content\/uploads\/2022\/09\/6-768x512.png 768w, https:\/\/www.ghconcepcion.cl\/wp-content\/uploads\/2022\/09\/6-1536x1024.png 1536w, https:\/\/www.ghconcepcion.cl\/wp-content\/uploads\/2022\/09\/6-219x146.png 219w, https:\/\/www.ghconcepcion.cl\/wp-content\/uploads\/2022\/09\/6-50x33.png 50w, https:\/\/www.ghconcepcion.cl\/wp-content\/uploads\/2022\/09\/6-113x75.png 113w, https:\/\/www.ghconcepcion.cl\/wp-content\/uploads\/2022\/09\/6.png 1772w\" sizes=\"(max-width: 1024px) 100vw, 1024px\" \/><\/figure>\n\n\n\n<figure class=\"wp-block-image size-large\"><img loading=\"lazy\" decoding=\"async\" width=\"1024\" height=\"682\" data-id=\"2971\" src=\"https:\/\/www.ghconcepcion.cl\/wp-content\/uploads\/2022\/09\/7-1024x682.png\" alt=\"\" class=\"wp-image-2971\" srcset=\"https:\/\/www.ghconcepcion.cl\/wp-content\/uploads\/2022\/09\/7-1024x682.png 1024w, https:\/\/www.ghconcepcion.cl\/wp-content\/uploads\/2022\/09\/7-400x267.png 400w, https:\/\/www.ghconcepcion.cl\/wp-content\/uploads\/2022\/09\/7-768x512.png 768w, https:\/\/www.ghconcepcion.cl\/wp-content\/uploads\/2022\/09\/7-1536x1024.png 1536w, https:\/\/www.ghconcepcion.cl\/wp-content\/uploads\/2022\/09\/7-219x146.png 219w, https:\/\/www.ghconcepcion.cl\/wp-content\/uploads\/2022\/09\/7-50x33.png 50w, https:\/\/www.ghconcepcion.cl\/wp-content\/uploads\/2022\/09\/7-113x75.png 113w, https:\/\/www.ghconcepcion.cl\/wp-content\/uploads\/2022\/09\/7.png 1772w\" sizes=\"(max-width: 1024px) 100vw, 1024px\" \/><\/figure>\n\n\n\n<figure class=\"wp-block-image size-large\"><img loading=\"lazy\" decoding=\"async\" width=\"1024\" height=\"682\" data-id=\"2972\" src=\"https:\/\/www.ghconcepcion.cl\/wp-content\/uploads\/2022\/09\/9-1024x682.png\" alt=\"\" class=\"wp-image-2972\" srcset=\"https:\/\/www.ghconcepcion.cl\/wp-content\/uploads\/2022\/09\/9-1024x682.png 1024w, https:\/\/www.ghconcepcion.cl\/wp-content\/uploads\/2022\/09\/9-400x267.png 400w, https:\/\/www.ghconcepcion.cl\/wp-content\/uploads\/2022\/09\/9-768x512.png 768w, https:\/\/www.ghconcepcion.cl\/wp-content\/uploads\/2022\/09\/9-1536x1024.png 1536w, https:\/\/www.ghconcepcion.cl\/wp-content\/uploads\/2022\/09\/9-219x146.png 219w, https:\/\/www.ghconcepcion.cl\/wp-content\/uploads\/2022\/09\/9-50x33.png 50w, https:\/\/www.ghconcepcion.cl\/wp-content\/uploads\/2022\/09\/9-113x75.png 113w, https:\/\/www.ghconcepcion.cl\/wp-content\/uploads\/2022\/09\/9.png 1772w\" sizes=\"(max-width: 1024px) 100vw, 1024px\" \/><\/figure>\n\n\n\n<figure class=\"wp-block-image size-large\"><img loading=\"lazy\" decoding=\"async\" width=\"1024\" height=\"682\" data-id=\"2983\" src=\"https:\/\/www.ghconcepcion.cl\/wp-content\/uploads\/2022\/09\/8-1-1024x682.png\" alt=\"\" class=\"wp-image-2983\" srcset=\"https:\/\/www.ghconcepcion.cl\/wp-content\/uploads\/2022\/09\/8-1-1024x682.png 1024w, https:\/\/www.ghconcepcion.cl\/wp-content\/uploads\/2022\/09\/8-1-400x267.png 400w, https:\/\/www.ghconcepcion.cl\/wp-content\/uploads\/2022\/09\/8-1-768x512.png 768w, https:\/\/www.ghconcepcion.cl\/wp-content\/uploads\/2022\/09\/8-1-1536x1024.png 1536w, https:\/\/www.ghconcepcion.cl\/wp-content\/uploads\/2022\/09\/8-1-219x146.png 219w, https:\/\/www.ghconcepcion.cl\/wp-content\/uploads\/2022\/09\/8-1-50x33.png 50w, https:\/\/www.ghconcepcion.cl\/wp-content\/uploads\/2022\/09\/8-1-113x75.png 113w, https:\/\/www.ghconcepcion.cl\/wp-content\/uploads\/2022\/09\/8-1.png 1772w\" sizes=\"(max-width: 1024px) 100vw, 1024px\" \/><\/figure>\n<\/figure>\n\n\n\n<p><\/p>\n\n\n\n<p><\/p>\n\n\n\n<figure class=\"wp-block-gallery has-nested-images columns-default is-cropped wp-block-gallery-3 is-layout-flex wp-block-gallery-is-layout-flex\">\n<figure class=\"wp-block-image size-large\"><img loading=\"lazy\" decoding=\"async\" width=\"1024\" height=\"682\" data-id=\"2984\" src=\"https:\/\/www.ghconcepcion.cl\/wp-content\/uploads\/2022\/09\/10-1-1024x682.png\" alt=\"\" class=\"wp-image-2984\" srcset=\"https:\/\/www.ghconcepcion.cl\/wp-content\/uploads\/2022\/09\/10-1-1024x682.png 1024w, https:\/\/www.ghconcepcion.cl\/wp-content\/uploads\/2022\/09\/10-1-400x267.png 400w, https:\/\/www.ghconcepcion.cl\/wp-content\/uploads\/2022\/09\/10-1-768x512.png 768w, https:\/\/www.ghconcepcion.cl\/wp-content\/uploads\/2022\/09\/10-1-1536x1024.png 1536w, https:\/\/www.ghconcepcion.cl\/wp-content\/uploads\/2022\/09\/10-1-219x146.png 219w, https:\/\/www.ghconcepcion.cl\/wp-content\/uploads\/2022\/09\/10-1-50x33.png 50w, https:\/\/www.ghconcepcion.cl\/wp-content\/uploads\/2022\/09\/10-1-113x75.png 113w, https:\/\/www.ghconcepcion.cl\/wp-content\/uploads\/2022\/09\/10-1.png 1772w\" sizes=\"(max-width: 1024px) 100vw, 1024px\" \/><\/figure>\n<\/figure>\n\n\n\n<p><strong><em>Fotograf\u00edas: Michelle Reyes Fuentealba<\/em><\/strong><\/p>\n\n\n\n<p><\/p>\n","protected":false},"excerpt":{"rendered":"<p>La Ciudad y yo: Encuentro de Poes\u00eda y creaci\u00f3n Evento cultural se llev\u00f3 a cabo en la plaza de la Galer\u00eda de la Historia de Concepci\u00f3n y cont\u00f3 con diferentes disciplinas art\u00edsticas dispuestas para el p\u00fablico asistente. El pasado s\u00e1bado 24 de septiembre se llev\u00f3 a cabo en la plaza de la historia de la [&hellip;]<\/p>\n","protected":false},"author":3,"featured_media":2976,"comment_status":"open","ping_status":"open","sticky":false,"template":"","format":"standard","meta":{"footnotes":""},"categories":[8],"tags":[],"class_list":["post-2964","post","type-post","status-publish","format-standard","has-post-thumbnail","hentry","category-galeria-de-la-historia"],"_links":{"self":[{"href":"https:\/\/www.ghconcepcion.cl\/index.php\/wp-json\/wp\/v2\/posts\/2964","targetHints":{"allow":["GET"]}}],"collection":[{"href":"https:\/\/www.ghconcepcion.cl\/index.php\/wp-json\/wp\/v2\/posts"}],"about":[{"href":"https:\/\/www.ghconcepcion.cl\/index.php\/wp-json\/wp\/v2\/types\/post"}],"author":[{"embeddable":true,"href":"https:\/\/www.ghconcepcion.cl\/index.php\/wp-json\/wp\/v2\/users\/3"}],"replies":[{"embeddable":true,"href":"https:\/\/www.ghconcepcion.cl\/index.php\/wp-json\/wp\/v2\/comments?post=2964"}],"version-history":[{"count":6,"href":"https:\/\/www.ghconcepcion.cl\/index.php\/wp-json\/wp\/v2\/posts\/2964\/revisions"}],"predecessor-version":[{"id":2988,"href":"https:\/\/www.ghconcepcion.cl\/index.php\/wp-json\/wp\/v2\/posts\/2964\/revisions\/2988"}],"wp:featuredmedia":[{"embeddable":true,"href":"https:\/\/www.ghconcepcion.cl\/index.php\/wp-json\/wp\/v2\/media\/2976"}],"wp:attachment":[{"href":"https:\/\/www.ghconcepcion.cl\/index.php\/wp-json\/wp\/v2\/media?parent=2964"}],"wp:term":[{"taxonomy":"category","embeddable":true,"href":"https:\/\/www.ghconcepcion.cl\/index.php\/wp-json\/wp\/v2\/categories?post=2964"},{"taxonomy":"post_tag","embeddable":true,"href":"https:\/\/www.ghconcepcion.cl\/index.php\/wp-json\/wp\/v2\/tags?post=2964"}],"curies":[{"name":"wp","href":"https:\/\/api.w.org\/{rel}","templated":true}]}}