{"id":3111,"date":"2023-01-31T22:16:11","date_gmt":"2023-01-31T22:16:11","guid":{"rendered":"https:\/\/www.ghconcepcion.cl\/?p=3111"},"modified":"2023-01-31T22:18:57","modified_gmt":"2023-01-31T22:18:57","slug":"comunicado-oficial","status":"publish","type":"post","link":"https:\/\/www.ghconcepcion.cl\/index.php\/2023\/01\/31\/comunicado-oficial\/","title":{"rendered":"Cierre temporal del Caf\u00e9 de la Historia"},"content":{"rendered":"\n<p><\/p>\n\n\n\n<h2 class=\"wp-block-heading\">Cierre temporal del Caf\u00e9 de la Historia<\/h2>\n\n\n\n<p><\/p>\n\n\n\n<figure class=\"wp-block-gallery has-nested-images columns-default is-cropped wp-block-gallery-1 is-layout-flex wp-block-gallery-is-layout-flex\">\n<figure class=\"wp-block-image size-large\"><img fetchpriority=\"high\" decoding=\"async\" width=\"1360\" height=\"765\" data-id=\"3115\" src=\"https:\/\/www.ghconcepcion.cl\/wp-content\/uploads\/2023\/01\/2022-09-23.jpg\" alt=\"\" class=\"wp-image-3115\" srcset=\"https:\/\/www.ghconcepcion.cl\/wp-content\/uploads\/2023\/01\/2022-09-23.jpg 1360w, https:\/\/www.ghconcepcion.cl\/wp-content\/uploads\/2023\/01\/2022-09-23-400x225.jpg 400w, https:\/\/www.ghconcepcion.cl\/wp-content\/uploads\/2023\/01\/2022-09-23-1024x576.jpg 1024w\" sizes=\"(max-width: 1360px) 100vw, 1360px\" \/><\/figure>\n<\/figure>\n\n\n\n<p>La Galer\u00eda de la Historia de Concepci\u00f3n hace saber a la comunidad penquista del cierre temporal del Caf\u00e9 de la Historia, ubicado en sus dependencias del Parque Ecuador, a contar desde el 1\u00b0 de febrero. El cierre obedece a la ejecuci\u00f3n de obras de remodelaci\u00f3n y mantenci\u00f3n de sus espacios que se extender\u00e1n hasta agosto del presente a\u00f1o. La suspensi\u00f3n de los servicios, adem\u00e1s, coincide con el t\u00e9rmino de cinco a\u00f1os del contrato suscrito entre la Corporaci\u00f3n Social y Cultural de Concepci\u00f3n &#8211; Semco e Inversiones Gastron\u00f3micas Al &amp; Menta Limitada, entidad administradora del Caf\u00e9 hasta el 31 de enero de 2023., cuya gesti\u00f3n valoramos y agradecemos, en la etapa fundacional del Caf\u00e9. Actualmente, nos encontramos desarrollando un nuevo modelo de gesti\u00f3n y las bases para su licitaci\u00f3n, para la selecci\u00f3n por la Corporaci\u00f3n Semco de un nuevo concesionario, durante el mes de marzo, que lo administre por un nuevo periodo.<\/p>\n\n\n\n<p>Toda la informaci\u00f3n atingente al inicio del proceso de licitaci\u00f3n, ser\u00e1 p\u00fablica y, por lo tanto, comunicada oportunamente por medios de comunicaci\u00f3n escrita y el sitio web de la Galer\u00eda de la Historia de Concepci\u00f3n www.ghconcepcion.cl<\/p>\n\n\n","protected":false},"excerpt":{"rendered":"<p>Cierre temporal del Caf\u00e9 de la Historia La Galer\u00eda de la Historia de Concepci\u00f3n hace saber a la comunidad penquista del cierre temporal del Caf\u00e9 de la Historia, ubicado en sus dependencias del Parque Ecuador, a contar desde el 1\u00b0 de febrero. El cierre obedece a la ejecuci\u00f3n de obras de remodelaci\u00f3n y mantenci\u00f3n de [&hellip;]<\/p>\n","protected":false},"author":3,"featured_media":3117,"comment_status":"open","ping_status":"open","sticky":false,"template":"","format":"standard","meta":{"footnotes":""},"categories":[8],"tags":[],"class_list":["post-3111","post","type-post","status-publish","format-standard","has-post-thumbnail","hentry","category-galeria-de-la-historia"],"_links":{"self":[{"href":"https:\/\/www.ghconcepcion.cl\/index.php\/wp-json\/wp\/v2\/posts\/3111","targetHints":{"allow":["GET"]}}],"collection":[{"href":"https:\/\/www.ghconcepcion.cl\/index.php\/wp-json\/wp\/v2\/posts"}],"about":[{"href":"https:\/\/www.ghconcepcion.cl\/index.php\/wp-json\/wp\/v2\/types\/post"}],"author":[{"embeddable":true,"href":"https:\/\/www.ghconcepcion.cl\/index.php\/wp-json\/wp\/v2\/users\/3"}],"replies":[{"embeddable":true,"href":"https:\/\/www.ghconcepcion.cl\/index.php\/wp-json\/wp\/v2\/comments?post=3111"}],"version-history":[{"count":2,"href":"https:\/\/www.ghconcepcion.cl\/index.php\/wp-json\/wp\/v2\/posts\/3111\/revisions"}],"predecessor-version":[{"id":3119,"href":"https:\/\/www.ghconcepcion.cl\/index.php\/wp-json\/wp\/v2\/posts\/3111\/revisions\/3119"}],"wp:featuredmedia":[{"embeddable":true,"href":"https:\/\/www.ghconcepcion.cl\/index.php\/wp-json\/wp\/v2\/media\/3117"}],"wp:attachment":[{"href":"https:\/\/www.ghconcepcion.cl\/index.php\/wp-json\/wp\/v2\/media?parent=3111"}],"wp:term":[{"taxonomy":"category","embeddable":true,"href":"https:\/\/www.ghconcepcion.cl\/index.php\/wp-json\/wp\/v2\/categories?post=3111"},{"taxonomy":"post_tag","embeddable":true,"href":"https:\/\/www.ghconcepcion.cl\/index.php\/wp-json\/wp\/v2\/tags?post=3111"}],"curies":[{"name":"wp","href":"https:\/\/api.w.org\/{rel}","templated":true}]}}