{"id":3142,"date":"2023-03-31T19:23:47","date_gmt":"2023-03-31T19:23:47","guid":{"rendered":"https:\/\/www.ghconcepcion.cl\/?p=3142"},"modified":"2023-03-31T19:24:15","modified_gmt":"2023-03-31T19:24:15","slug":"licitacion-publica-para-adjudicar-concesion-del-cafe-de-la-historia","status":"publish","type":"post","link":"https:\/\/www.ghconcepcion.cl\/index.php\/2023\/03\/31\/licitacion-publica-para-adjudicar-concesion-del-cafe-de-la-historia\/","title":{"rendered":"Licitaci\u00f3n p\u00fablica para adjudicar  concesi\u00f3n del Caf\u00e9 de la Historia \u00a0"},"content":{"rendered":"\n<p><\/p>\n\n\n\n<h2 class=\"wp-block-heading\"> \u00a0<\/h2>\n\n\n\n<figure class=\"wp-block-gallery has-nested-images columns-default is-cropped wp-block-gallery-1 is-layout-flex wp-block-gallery-is-layout-flex\">\n<figure class=\"wp-block-image size-large\"><img fetchpriority=\"high\" decoding=\"async\" width=\"1024\" height=\"376\" data-id=\"874\" src=\"https:\/\/www.ghconcepcion.cl\/wp-content\/uploads\/2018\/01\/SLIDER-5-02-1024x376.png\" alt=\"\" class=\"wp-image-874\" srcset=\"https:\/\/www.ghconcepcion.cl\/wp-content\/uploads\/2018\/01\/SLIDER-5-02-1024x376.png 1024w, https:\/\/www.ghconcepcion.cl\/wp-content\/uploads\/2018\/01\/SLIDER-5-02-300x110.png 300w, https:\/\/www.ghconcepcion.cl\/wp-content\/uploads\/2018\/01\/SLIDER-5-02-768x282.png 768w, https:\/\/www.ghconcepcion.cl\/wp-content\/uploads\/2018\/01\/SLIDER-5-02-260x95.png 260w, https:\/\/www.ghconcepcion.cl\/wp-content\/uploads\/2018\/01\/SLIDER-5-02-50x18.png 50w, https:\/\/www.ghconcepcion.cl\/wp-content\/uploads\/2018\/01\/SLIDER-5-02-150x55.png 150w\" sizes=\"(max-width: 1024px) 100vw, 1024px\" \/><\/figure>\n\n\n\n<figure class=\"wp-block-image size-large\"><img decoding=\"async\" width=\"1024\" height=\"376\" data-id=\"873\" src=\"https:\/\/www.ghconcepcion.cl\/wp-content\/uploads\/2018\/01\/SLIDER-5-01-1-1024x376.png\" alt=\"\" class=\"wp-image-873\" srcset=\"https:\/\/www.ghconcepcion.cl\/wp-content\/uploads\/2018\/01\/SLIDER-5-01-1-1024x376.png 1024w, https:\/\/www.ghconcepcion.cl\/wp-content\/uploads\/2018\/01\/SLIDER-5-01-1-300x110.png 300w, https:\/\/www.ghconcepcion.cl\/wp-content\/uploads\/2018\/01\/SLIDER-5-01-1-768x282.png 768w, https:\/\/www.ghconcepcion.cl\/wp-content\/uploads\/2018\/01\/SLIDER-5-01-1-260x95.png 260w, https:\/\/www.ghconcepcion.cl\/wp-content\/uploads\/2018\/01\/SLIDER-5-01-1-50x18.png 50w, https:\/\/www.ghconcepcion.cl\/wp-content\/uploads\/2018\/01\/SLIDER-5-01-1-150x55.png 150w\" sizes=\"(max-width: 1024px) 100vw, 1024px\" \/><\/figure>\n<\/figure>\n\n\n\n<div style=\"height:35px\" aria-hidden=\"true\" class=\"wp-block-spacer\"><\/div>\n\n\n\n<figure class=\"wp-block-image size-large\"><img decoding=\"async\" width=\"1024\" height=\"768\" src=\"https:\/\/www.ghconcepcion.cl\/wp-content\/uploads\/2023\/03\/ab854e00-bf56-4c18-92bb-216372f9edd1-1-1024x768.jpg\" alt=\"\" class=\"wp-image-3143\" srcset=\"https:\/\/www.ghconcepcion.cl\/wp-content\/uploads\/2023\/03\/ab854e00-bf56-4c18-92bb-216372f9edd1-1-1024x768.jpg 1024w, https:\/\/www.ghconcepcion.cl\/wp-content\/uploads\/2023\/03\/ab854e00-bf56-4c18-92bb-216372f9edd1-1-400x300.jpg 400w, https:\/\/www.ghconcepcion.cl\/wp-content\/uploads\/2023\/03\/ab854e00-bf56-4c18-92bb-216372f9edd1-1-768x576.jpg 768w, https:\/\/www.ghconcepcion.cl\/wp-content\/uploads\/2023\/03\/ab854e00-bf56-4c18-92bb-216372f9edd1-1-195x146.jpg 195w, https:\/\/www.ghconcepcion.cl\/wp-content\/uploads\/2023\/03\/ab854e00-bf56-4c18-92bb-216372f9edd1-1-50x38.jpg 50w, https:\/\/www.ghconcepcion.cl\/wp-content\/uploads\/2023\/03\/ab854e00-bf56-4c18-92bb-216372f9edd1-1-100x75.jpg 100w, https:\/\/www.ghconcepcion.cl\/wp-content\/uploads\/2023\/03\/ab854e00-bf56-4c18-92bb-216372f9edd1-1.jpg 1280w\" sizes=\"(max-width: 1024px) 100vw, 1024px\" \/><figcaption class=\"wp-element-caption\"><br><br><br><strong>LA CORPORACI\u00d3N SOCIAL Y CULTURAL DE CONCEPCI\u00d3N SEMCO<\/strong> invita a participar en la licitaci\u00f3n p\u00fablica para adjudicar la concesi\u00f3n del funcionamiento del Caf\u00e9 de la Historia<br>\u00a0<br>Las bases deben retirarse en las oficinas de la Galer\u00eda de la Historia de Concepci\u00f3n, ubicadas en calle Hospicio N\u00ba 40, Concepci\u00f3n, o mediante correo electr\u00f3nico previa solicitud a\u00a0<a rel=\"noreferrer noopener\" href=\"mailto:galeriahistoriaconcepcion@semco.cl\" target=\"_blank\">galeriahistoriaconcepcion@semco.cl<\/a>, desde el 31 de marzo al 12 de abril de 2023, de 11 a 17 horas.<\/figcaption><\/figure>\n\n\n\n<blockquote class=\"wp-block-quote is-layout-flow wp-block-quote-is-layout-flow\">\n<p><\/p>\n<\/blockquote>\n","protected":false},"excerpt":{"rendered":"<p>\u00a0<\/p>\n","protected":false},"author":3,"featured_media":3124,"comment_status":"open","ping_status":"open","sticky":false,"template":"","format":"standard","meta":{"footnotes":""},"categories":[8],"tags":[],"class_list":["post-3142","post","type-post","status-publish","format-standard","has-post-thumbnail","hentry","category-galeria-de-la-historia"],"_links":{"self":[{"href":"https:\/\/www.ghconcepcion.cl\/index.php\/wp-json\/wp\/v2\/posts\/3142","targetHints":{"allow":["GET"]}}],"collection":[{"href":"https:\/\/www.ghconcepcion.cl\/index.php\/wp-json\/wp\/v2\/posts"}],"about":[{"href":"https:\/\/www.ghconcepcion.cl\/index.php\/wp-json\/wp\/v2\/types\/post"}],"author":[{"embeddable":true,"href":"https:\/\/www.ghconcepcion.cl\/index.php\/wp-json\/wp\/v2\/users\/3"}],"replies":[{"embeddable":true,"href":"https:\/\/www.ghconcepcion.cl\/index.php\/wp-json\/wp\/v2\/comments?post=3142"}],"version-history":[{"count":4,"href":"https:\/\/www.ghconcepcion.cl\/index.php\/wp-json\/wp\/v2\/posts\/3142\/revisions"}],"predecessor-version":[{"id":3147,"href":"https:\/\/www.ghconcepcion.cl\/index.php\/wp-json\/wp\/v2\/posts\/3142\/revisions\/3147"}],"wp:featuredmedia":[{"embeddable":true,"href":"https:\/\/www.ghconcepcion.cl\/index.php\/wp-json\/wp\/v2\/media\/3124"}],"wp:attachment":[{"href":"https:\/\/www.ghconcepcion.cl\/index.php\/wp-json\/wp\/v2\/media?parent=3142"}],"wp:term":[{"taxonomy":"category","embeddable":true,"href":"https:\/\/www.ghconcepcion.cl\/index.php\/wp-json\/wp\/v2\/categories?post=3142"},{"taxonomy":"post_tag","embeddable":true,"href":"https:\/\/www.ghconcepcion.cl\/index.php\/wp-json\/wp\/v2\/tags?post=3142"}],"curies":[{"name":"wp","href":"https:\/\/api.w.org\/{rel}","templated":true}]}}