{"id":3160,"date":"2023-05-16T13:56:41","date_gmt":"2023-05-16T13:56:41","guid":{"rendered":"https:\/\/www.ghconcepcion.cl\/?p=3160"},"modified":"2023-05-16T14:05:14","modified_gmt":"2023-05-16T14:05:14","slug":"licitacion-publica-construccion-de-terraza-exterior-cafe-de-la-historia-concepcion","status":"publish","type":"post","link":"https:\/\/www.ghconcepcion.cl\/index.php\/2023\/05\/16\/licitacion-publica-construccion-de-terraza-exterior-cafe-de-la-historia-concepcion\/","title":{"rendered":"Licitaci\u00f3n P\u00fablica \u201cConstrucci\u00f3n de terraza exterior-Caf\u00e9 de la Historia Concepci\u00f3n\u201d\u00a0"},"content":{"rendered":"\n<p><\/p>\n\n\n\n<figure class=\"wp-block-gallery has-nested-images columns-default is-cropped wp-block-gallery-1 is-layout-flex wp-block-gallery-is-layout-flex\">\n<figure class=\"wp-block-image size-large\"><img fetchpriority=\"high\" decoding=\"async\" width=\"741\" height=\"419\" data-id=\"3161\" src=\"https:\/\/www.ghconcepcion.cl\/wp-content\/uploads\/2023\/05\/SEMCO-01-1.png\" alt=\"\" class=\"wp-image-3161\" srcset=\"https:\/\/www.ghconcepcion.cl\/wp-content\/uploads\/2023\/05\/SEMCO-01-1.png 741w, https:\/\/www.ghconcepcion.cl\/wp-content\/uploads\/2023\/05\/SEMCO-01-1-400x226.png 400w, https:\/\/www.ghconcepcion.cl\/wp-content\/uploads\/2023\/05\/SEMCO-01-1-258x146.png 258w, https:\/\/www.ghconcepcion.cl\/wp-content\/uploads\/2023\/05\/SEMCO-01-1-50x28.png 50w, https:\/\/www.ghconcepcion.cl\/wp-content\/uploads\/2023\/05\/SEMCO-01-1-133x75.png 133w\" sizes=\"(max-width: 741px) 100vw, 741px\" \/><\/figure>\n<\/figure>\n\n\n\n<p>Con la finalidad de continuar el programa de mejoras del Caf\u00e9 de la Historia, es que la Corporaci\u00f3n Social y Cultural de Concepci\u00f3n Semco, invita a participar de la licitaci\u00f3n para la adjudicaci\u00f3n de una obra a realizarse en Galer\u00eda de la Historia de Concepci\u00f3n:&nbsp;<\/p>\n\n\n\n<p><br>\u00abCONSTRUCCI\u00d3N DE TERRAZA EXTERIOR &#8211; CAF\u00c9 DE LA HISTORIA CONCEPCI\u00d3N\u00bb&nbsp;<\/p>\n\n\n\n<p><br>Es requisito, retirar las bases en oficinas de la Galer\u00eda de la Historia de Concepci\u00f3n, ubicadas en calle Hospicio N\u00b040, Concepci\u00f3n, o bien mediante correo electr\u00f3nico previa solicitud a&nbsp;galeriahistoriaconcepcion@semco.cl&nbsp;desde el d\u00eda lunes 15 al mi\u00e9rcoles 17 de mayo, desde las 10 a las 17 horas.&nbsp;<\/p>\n","protected":false},"excerpt":{"rendered":"<p>Con la finalidad de continuar el programa de mejoras del Caf\u00e9 de la Historia, es que la Corporaci\u00f3n Social y Cultural de Concepci\u00f3n Semco, invita a participar de la licitaci\u00f3n para la adjudicaci\u00f3n de una obra a realizarse en Galer\u00eda de la Historia de Concepci\u00f3n:&nbsp; \u00abCONSTRUCCI\u00d3N DE TERRAZA EXTERIOR &#8211; CAF\u00c9 DE LA HISTORIA CONCEPCI\u00d3N\u00bb&nbsp; [&hellip;]<\/p>\n","protected":false},"author":3,"featured_media":3037,"comment_status":"open","ping_status":"open","sticky":false,"template":"","format":"standard","meta":{"footnotes":""},"categories":[8],"tags":[],"class_list":["post-3160","post","type-post","status-publish","format-standard","has-post-thumbnail","hentry","category-galeria-de-la-historia"],"_links":{"self":[{"href":"https:\/\/www.ghconcepcion.cl\/index.php\/wp-json\/wp\/v2\/posts\/3160","targetHints":{"allow":["GET"]}}],"collection":[{"href":"https:\/\/www.ghconcepcion.cl\/index.php\/wp-json\/wp\/v2\/posts"}],"about":[{"href":"https:\/\/www.ghconcepcion.cl\/index.php\/wp-json\/wp\/v2\/types\/post"}],"author":[{"embeddable":true,"href":"https:\/\/www.ghconcepcion.cl\/index.php\/wp-json\/wp\/v2\/users\/3"}],"replies":[{"embeddable":true,"href":"https:\/\/www.ghconcepcion.cl\/index.php\/wp-json\/wp\/v2\/comments?post=3160"}],"version-history":[{"count":2,"href":"https:\/\/www.ghconcepcion.cl\/index.php\/wp-json\/wp\/v2\/posts\/3160\/revisions"}],"predecessor-version":[{"id":3165,"href":"https:\/\/www.ghconcepcion.cl\/index.php\/wp-json\/wp\/v2\/posts\/3160\/revisions\/3165"}],"wp:featuredmedia":[{"embeddable":true,"href":"https:\/\/www.ghconcepcion.cl\/index.php\/wp-json\/wp\/v2\/media\/3037"}],"wp:attachment":[{"href":"https:\/\/www.ghconcepcion.cl\/index.php\/wp-json\/wp\/v2\/media?parent=3160"}],"wp:term":[{"taxonomy":"category","embeddable":true,"href":"https:\/\/www.ghconcepcion.cl\/index.php\/wp-json\/wp\/v2\/categories?post=3160"},{"taxonomy":"post_tag","embeddable":true,"href":"https:\/\/www.ghconcepcion.cl\/index.php\/wp-json\/wp\/v2\/tags?post=3160"}],"curies":[{"name":"wp","href":"https:\/\/api.w.org\/{rel}","templated":true}]}}