{"id":3194,"date":"2023-06-02T22:28:49","date_gmt":"2023-06-02T22:28:49","guid":{"rendered":"https:\/\/www.ghconcepcion.cl\/?p=3194"},"modified":"2023-06-09T20:21:54","modified_gmt":"2023-06-09T20:21:54","slug":"comunicado-de-prensa-cafe-de-la-historia","status":"publish","type":"post","link":"https:\/\/www.ghconcepcion.cl\/index.php\/2023\/06\/02\/comunicado-de-prensa-cafe-de-la-historia\/","title":{"rendered":"Comunicado de prensa Caf\u00e9 de la Historia"},"content":{"rendered":"\n<h1 class=\"wp-block-heading\">Comunicado de prensa Caf\u00e9 de la Historia<\/h1>\n\n\n\n<p>El mi\u00e9rcoles 31 de mayo se realiz\u00f3 un punto de prensa en Galer\u00eda de la Historia de Concepci\u00f3n, para dar a conocer los avances en la construcci\u00f3n de las nuevas instalaciones del Caf\u00e9 y tambi\u00e9n darle la bienvenida al nuevo concesionario, quien se har\u00e1 cargo de este mismo desde esta pr\u00f3xima primavera, por los pr\u00f3ximos 4 a\u00f1os.<\/p>\n\n\n\n<p>Galer\u00eda de la Historia de Concepci\u00f3n, se encuentra conmemorando 40 a\u00f1os de existencia desde su fundaci\u00f3n en 1983. Sin duda uno de los espacios que le ha dado dinamismo a este museo visto ahora como centro cultural, hace ya 6 a\u00f1os, es el Caf\u00e9 de la Historia. Este nace como una iniciativa de la Corporaci\u00f3n Social y Cultural de Concepci\u00f3n- Semco, dentro de esta unidad, en el a\u00f1o 2017. Este se encuentra emplazado en pleno Parque Ecuador a los pies del Cerro Caracol, principal pulm\u00f3n verde y espacio de esparcimiento de la ciudad de Concepci\u00f3n. Las instalaciones de este Caf\u00e9 han funcionado entregadas en administraci\u00f3n a un concesionario externo.<\/p>\n\n\n\n<p>Su labor comercial viene a entregar dinamismo y hacer m\u00e1s atractiva la labor cultural propia de GHC, pudiendo adem\u00e1s generar su propio p\u00fablico al que ofrecer sus productos y servicios.<\/p>\n\n\n\n<p>En este punto de prensa, se cont\u00f3 con palabras del secretario general de la Corporaci\u00f3n Social y Cultural de Concepci\u00f3n-Semco, Armando Cartes Montory y el alcalde de Concepci\u00f3n \u00c1lvaro Ortiz Vera.<\/p>\n\n\n\n<figure class=\"wp-block-gallery has-nested-images columns-default is-cropped wp-block-gallery-1 is-layout-flex wp-block-gallery-is-layout-flex\">\n<figure class=\"wp-block-image size-large\"><img fetchpriority=\"high\" decoding=\"async\" width=\"1024\" height=\"683\" data-id=\"3195\" src=\"https:\/\/www.ghconcepcion.cl\/wp-content\/uploads\/2023\/06\/347432446_248893797735593_7808331941914850757_n-1024x683.png\" alt=\"\" class=\"wp-image-3195\" srcset=\"https:\/\/www.ghconcepcion.cl\/wp-content\/uploads\/2023\/06\/347432446_248893797735593_7808331941914850757_n-1024x683.png 1024w, https:\/\/www.ghconcepcion.cl\/wp-content\/uploads\/2023\/06\/347432446_248893797735593_7808331941914850757_n-400x267.png 400w, https:\/\/www.ghconcepcion.cl\/wp-content\/uploads\/2023\/06\/347432446_248893797735593_7808331941914850757_n-768x512.png 768w, https:\/\/www.ghconcepcion.cl\/wp-content\/uploads\/2023\/06\/347432446_248893797735593_7808331941914850757_n-1536x1025.png 1536w, https:\/\/www.ghconcepcion.cl\/wp-content\/uploads\/2023\/06\/347432446_248893797735593_7808331941914850757_n-219x146.png 219w, https:\/\/www.ghconcepcion.cl\/wp-content\/uploads\/2023\/06\/347432446_248893797735593_7808331941914850757_n-50x33.png 50w, https:\/\/www.ghconcepcion.cl\/wp-content\/uploads\/2023\/06\/347432446_248893797735593_7808331941914850757_n-112x75.png 112w, https:\/\/www.ghconcepcion.cl\/wp-content\/uploads\/2023\/06\/347432446_248893797735593_7808331941914850757_n.png 2048w\" sizes=\"(max-width: 1024px) 100vw, 1024px\" \/><\/figure>\n\n\n\n<figure class=\"wp-block-image size-large\"><img decoding=\"async\" width=\"1024\" height=\"683\" data-id=\"3197\" src=\"https:\/\/www.ghconcepcion.cl\/wp-content\/uploads\/2023\/06\/DSC_0325-1-1024x683.jpg\" alt=\"\" class=\"wp-image-3197\" srcset=\"https:\/\/www.ghconcepcion.cl\/wp-content\/uploads\/2023\/06\/DSC_0325-1-1024x683.jpg 1024w, https:\/\/www.ghconcepcion.cl\/wp-content\/uploads\/2023\/06\/DSC_0325-1-400x267.jpg 400w, https:\/\/www.ghconcepcion.cl\/wp-content\/uploads\/2023\/06\/DSC_0325-1-768x512.jpg 768w, https:\/\/www.ghconcepcion.cl\/wp-content\/uploads\/2023\/06\/DSC_0325-1-1536x1024.jpg 1536w, https:\/\/www.ghconcepcion.cl\/wp-content\/uploads\/2023\/06\/DSC_0325-1-2048x1365.jpg 2048w, https:\/\/www.ghconcepcion.cl\/wp-content\/uploads\/2023\/06\/DSC_0325-1-219x146.jpg 219w, https:\/\/www.ghconcepcion.cl\/wp-content\/uploads\/2023\/06\/DSC_0325-1-50x33.jpg 50w, https:\/\/www.ghconcepcion.cl\/wp-content\/uploads\/2023\/06\/DSC_0325-1-113x75.jpg 113w\" sizes=\"(max-width: 1024px) 100vw, 1024px\" \/><\/figure>\n\n\n\n<figure class=\"wp-block-image size-large\"><img decoding=\"async\" width=\"1024\" height=\"683\" data-id=\"3198\" src=\"https:\/\/www.ghconcepcion.cl\/wp-content\/uploads\/2023\/06\/DSC_0331-1-1024x683.jpg\" alt=\"\" class=\"wp-image-3198\" srcset=\"https:\/\/www.ghconcepcion.cl\/wp-content\/uploads\/2023\/06\/DSC_0331-1-1024x683.jpg 1024w, https:\/\/www.ghconcepcion.cl\/wp-content\/uploads\/2023\/06\/DSC_0331-1-400x267.jpg 400w, https:\/\/www.ghconcepcion.cl\/wp-content\/uploads\/2023\/06\/DSC_0331-1-768x512.jpg 768w, https:\/\/www.ghconcepcion.cl\/wp-content\/uploads\/2023\/06\/DSC_0331-1-1536x1024.jpg 1536w, https:\/\/www.ghconcepcion.cl\/wp-content\/uploads\/2023\/06\/DSC_0331-1-2048x1365.jpg 2048w, https:\/\/www.ghconcepcion.cl\/wp-content\/uploads\/2023\/06\/DSC_0331-1-219x146.jpg 219w, https:\/\/www.ghconcepcion.cl\/wp-content\/uploads\/2023\/06\/DSC_0331-1-50x33.jpg 50w, https:\/\/www.ghconcepcion.cl\/wp-content\/uploads\/2023\/06\/DSC_0331-1-113x75.jpg 113w\" sizes=\"(max-width: 1024px) 100vw, 1024px\" \/><\/figure>\n\n\n\n<figure class=\"wp-block-image size-large\"><img loading=\"lazy\" decoding=\"async\" width=\"1024\" height=\"683\" data-id=\"3199\" src=\"https:\/\/www.ghconcepcion.cl\/wp-content\/uploads\/2023\/06\/DSC_0335-1-1024x683.jpg\" alt=\"\" class=\"wp-image-3199\" srcset=\"https:\/\/www.ghconcepcion.cl\/wp-content\/uploads\/2023\/06\/DSC_0335-1-1024x683.jpg 1024w, https:\/\/www.ghconcepcion.cl\/wp-content\/uploads\/2023\/06\/DSC_0335-1-400x267.jpg 400w, https:\/\/www.ghconcepcion.cl\/wp-content\/uploads\/2023\/06\/DSC_0335-1-768x512.jpg 768w, https:\/\/www.ghconcepcion.cl\/wp-content\/uploads\/2023\/06\/DSC_0335-1-1536x1024.jpg 1536w, https:\/\/www.ghconcepcion.cl\/wp-content\/uploads\/2023\/06\/DSC_0335-1-2048x1365.jpg 2048w, https:\/\/www.ghconcepcion.cl\/wp-content\/uploads\/2023\/06\/DSC_0335-1-219x146.jpg 219w, https:\/\/www.ghconcepcion.cl\/wp-content\/uploads\/2023\/06\/DSC_0335-1-50x33.jpg 50w, https:\/\/www.ghconcepcion.cl\/wp-content\/uploads\/2023\/06\/DSC_0335-1-113x75.jpg 113w\" sizes=\"(max-width: 1024px) 100vw, 1024px\" \/><\/figure>\n<\/figure>\n\n\n\n<p>Finalmente se present\u00f3 al nuevo concesionario del Caf\u00e9 de la Historia, la Sociedad Vi\u00f1as y Vi\u00f1as SpA, quien es representada por Guillermo Vi\u00f1as Paredes, Gerente General, la cual comparte con su hijo Ra\u00fal Vi\u00f1as Mu\u00f1oz.<\/p>\n\n\n\n<p><\/p>\n\n\n\n<p>Esta entidad posee m\u00e1s de 30 a\u00f1os de experiencia familiar en el rubro gastron\u00f3mico, entre los que destacan la propiedad del Caf\u00e9 Noir, restaurant Entre Vi\u00f1as y Olivos en San Pedro de la Paz y actualmente la administraci\u00f3n del Casino de la Sociedad Empleados de Comercio en Concepci\u00f3n.<\/p>\n\n\n\n<figure class=\"wp-block-gallery has-nested-images columns-default is-cropped wp-block-gallery-2 is-layout-flex wp-block-gallery-is-layout-flex\">\n<figure class=\"wp-block-image size-large\"><img loading=\"lazy\" decoding=\"async\" width=\"1024\" height=\"683\" data-id=\"3200\" src=\"https:\/\/www.ghconcepcion.cl\/wp-content\/uploads\/2023\/06\/DSC_0353-1-1024x683.jpg\" alt=\"\" class=\"wp-image-3200\" srcset=\"https:\/\/www.ghconcepcion.cl\/wp-content\/uploads\/2023\/06\/DSC_0353-1-1024x683.jpg 1024w, https:\/\/www.ghconcepcion.cl\/wp-content\/uploads\/2023\/06\/DSC_0353-1-400x267.jpg 400w, https:\/\/www.ghconcepcion.cl\/wp-content\/uploads\/2023\/06\/DSC_0353-1-768x512.jpg 768w, https:\/\/www.ghconcepcion.cl\/wp-content\/uploads\/2023\/06\/DSC_0353-1-1536x1024.jpg 1536w, https:\/\/www.ghconcepcion.cl\/wp-content\/uploads\/2023\/06\/DSC_0353-1-2048x1365.jpg 2048w, https:\/\/www.ghconcepcion.cl\/wp-content\/uploads\/2023\/06\/DSC_0353-1-219x146.jpg 219w, https:\/\/www.ghconcepcion.cl\/wp-content\/uploads\/2023\/06\/DSC_0353-1-50x33.jpg 50w, https:\/\/www.ghconcepcion.cl\/wp-content\/uploads\/2023\/06\/DSC_0353-1-113x75.jpg 113w\" sizes=\"(max-width: 1024px) 100vw, 1024px\" \/><\/figure>\n\n\n\n<figure class=\"wp-block-image size-large\"><img loading=\"lazy\" decoding=\"async\" width=\"1024\" height=\"683\" data-id=\"3201\" src=\"https:\/\/www.ghconcepcion.cl\/wp-content\/uploads\/2023\/06\/DSC_0337-1-1024x683.jpg\" alt=\"\" class=\"wp-image-3201\" srcset=\"https:\/\/www.ghconcepcion.cl\/wp-content\/uploads\/2023\/06\/DSC_0337-1-1024x683.jpg 1024w, https:\/\/www.ghconcepcion.cl\/wp-content\/uploads\/2023\/06\/DSC_0337-1-400x267.jpg 400w, https:\/\/www.ghconcepcion.cl\/wp-content\/uploads\/2023\/06\/DSC_0337-1-768x512.jpg 768w, https:\/\/www.ghconcepcion.cl\/wp-content\/uploads\/2023\/06\/DSC_0337-1-1536x1024.jpg 1536w, https:\/\/www.ghconcepcion.cl\/wp-content\/uploads\/2023\/06\/DSC_0337-1-2048x1365.jpg 2048w, https:\/\/www.ghconcepcion.cl\/wp-content\/uploads\/2023\/06\/DSC_0337-1-219x146.jpg 219w, https:\/\/www.ghconcepcion.cl\/wp-content\/uploads\/2023\/06\/DSC_0337-1-50x33.jpg 50w, https:\/\/www.ghconcepcion.cl\/wp-content\/uploads\/2023\/06\/DSC_0337-1-113x75.jpg 113w\" sizes=\"(max-width: 1024px) 100vw, 1024px\" \/><\/figure>\n\n\n\n<figure class=\"wp-block-image size-large\"><img loading=\"lazy\" decoding=\"async\" width=\"1024\" height=\"683\" data-id=\"3202\" src=\"https:\/\/www.ghconcepcion.cl\/wp-content\/uploads\/2023\/06\/DSC_0343-1-1024x683.jpg\" alt=\"\" class=\"wp-image-3202\" srcset=\"https:\/\/www.ghconcepcion.cl\/wp-content\/uploads\/2023\/06\/DSC_0343-1-1024x683.jpg 1024w, https:\/\/www.ghconcepcion.cl\/wp-content\/uploads\/2023\/06\/DSC_0343-1-400x267.jpg 400w, https:\/\/www.ghconcepcion.cl\/wp-content\/uploads\/2023\/06\/DSC_0343-1-768x512.jpg 768w, https:\/\/www.ghconcepcion.cl\/wp-content\/uploads\/2023\/06\/DSC_0343-1-1536x1024.jpg 1536w, https:\/\/www.ghconcepcion.cl\/wp-content\/uploads\/2023\/06\/DSC_0343-1-2048x1365.jpg 2048w, https:\/\/www.ghconcepcion.cl\/wp-content\/uploads\/2023\/06\/DSC_0343-1-219x146.jpg 219w, https:\/\/www.ghconcepcion.cl\/wp-content\/uploads\/2023\/06\/DSC_0343-1-50x33.jpg 50w, https:\/\/www.ghconcepcion.cl\/wp-content\/uploads\/2023\/06\/DSC_0343-1-113x75.jpg 113w\" sizes=\"(max-width: 1024px) 100vw, 1024px\" \/><\/figure>\n<\/figure>\n\n\n\n<p>Durante los siguientes meses se realizar\u00e1 el termino de obras de los servicios sanitarios y la terraza frontal por la calle Victor Lamas, la marcha blanca comenzar\u00e1 el mes de agosto y la apertura oficial en septiembre.<\/p>\n","protected":false},"excerpt":{"rendered":"<p>Comunicado de prensa Caf\u00e9 de la Historia El mi\u00e9rcoles 31 de mayo se realiz\u00f3 un punto de prensa en Galer\u00eda de la Historia de Concepci\u00f3n, para dar a conocer los avances en la construcci\u00f3n de las nuevas instalaciones del Caf\u00e9 y tambi\u00e9n darle la bienvenida al nuevo concesionario, quien se har\u00e1 cargo de este mismo [&hellip;]<\/p>\n","protected":false},"author":3,"featured_media":3124,"comment_status":"open","ping_status":"open","sticky":false,"template":"","format":"standard","meta":{"footnotes":""},"categories":[8],"tags":[],"class_list":["post-3194","post","type-post","status-publish","format-standard","has-post-thumbnail","hentry","category-galeria-de-la-historia"],"_links":{"self":[{"href":"https:\/\/www.ghconcepcion.cl\/index.php\/wp-json\/wp\/v2\/posts\/3194","targetHints":{"allow":["GET"]}}],"collection":[{"href":"https:\/\/www.ghconcepcion.cl\/index.php\/wp-json\/wp\/v2\/posts"}],"about":[{"href":"https:\/\/www.ghconcepcion.cl\/index.php\/wp-json\/wp\/v2\/types\/post"}],"author":[{"embeddable":true,"href":"https:\/\/www.ghconcepcion.cl\/index.php\/wp-json\/wp\/v2\/users\/3"}],"replies":[{"embeddable":true,"href":"https:\/\/www.ghconcepcion.cl\/index.php\/wp-json\/wp\/v2\/comments?post=3194"}],"version-history":[{"count":3,"href":"https:\/\/www.ghconcepcion.cl\/index.php\/wp-json\/wp\/v2\/posts\/3194\/revisions"}],"predecessor-version":[{"id":3207,"href":"https:\/\/www.ghconcepcion.cl\/index.php\/wp-json\/wp\/v2\/posts\/3194\/revisions\/3207"}],"wp:featuredmedia":[{"embeddable":true,"href":"https:\/\/www.ghconcepcion.cl\/index.php\/wp-json\/wp\/v2\/media\/3124"}],"wp:attachment":[{"href":"https:\/\/www.ghconcepcion.cl\/index.php\/wp-json\/wp\/v2\/media?parent=3194"}],"wp:term":[{"taxonomy":"category","embeddable":true,"href":"https:\/\/www.ghconcepcion.cl\/index.php\/wp-json\/wp\/v2\/categories?post=3194"},{"taxonomy":"post_tag","embeddable":true,"href":"https:\/\/www.ghconcepcion.cl\/index.php\/wp-json\/wp\/v2\/tags?post=3194"}],"curies":[{"name":"wp","href":"https:\/\/api.w.org\/{rel}","templated":true}]}}