{"id":3224,"date":"2023-08-31T15:17:39","date_gmt":"2023-08-31T15:17:39","guid":{"rendered":"https:\/\/www.ghconcepcion.cl\/?p=3224"},"modified":"2023-09-20T15:30:35","modified_gmt":"2023-09-20T15:30:35","slug":"conversatorio-ceramica-regional-del-biobio","status":"publish","type":"post","link":"https:\/\/www.ghconcepcion.cl\/index.php\/2023\/08\/31\/conversatorio-ceramica-regional-del-biobio\/","title":{"rendered":"Conversatorio \u201cCer\u00e1mica regional del Biob\u00edo\u201d"},"content":{"rendered":"\n<h2 class=\"wp-block-heading\">Conversatorio \u201cCer\u00e1mica regional del Biob\u00edo\u201d<\/h2>\n\n\n\n<p class=\"has-medium-font-size\">Investigaciones sobre la producci\u00f3n industrial de cer\u00e1mica en nuestra regi\u00f3n<\/p>\n\n\n\n<figure class=\"wp-block-image size-large\"><img fetchpriority=\"high\" decoding=\"async\" width=\"1024\" height=\"1024\" src=\"https:\/\/www.ghconcepcion.cl\/wp-content\/uploads\/2023\/09\/onversatorio-sobre-Ceramica-Regional-del-Biobio-1024x1024.png\" alt=\"\" class=\"wp-image-3225\" srcset=\"https:\/\/www.ghconcepcion.cl\/wp-content\/uploads\/2023\/09\/onversatorio-sobre-Ceramica-Regional-del-Biobio-1024x1024.png 1024w, https:\/\/www.ghconcepcion.cl\/wp-content\/uploads\/2023\/09\/onversatorio-sobre-Ceramica-Regional-del-Biobio-400x400.png 400w, https:\/\/www.ghconcepcion.cl\/wp-content\/uploads\/2023\/09\/onversatorio-sobre-Ceramica-Regional-del-Biobio-768x768.png 768w, https:\/\/www.ghconcepcion.cl\/wp-content\/uploads\/2023\/09\/onversatorio-sobre-Ceramica-Regional-del-Biobio-146x146.png 146w, https:\/\/www.ghconcepcion.cl\/wp-content\/uploads\/2023\/09\/onversatorio-sobre-Ceramica-Regional-del-Biobio-50x50.png 50w, https:\/\/www.ghconcepcion.cl\/wp-content\/uploads\/2023\/09\/onversatorio-sobre-Ceramica-Regional-del-Biobio-75x75.png 75w, https:\/\/www.ghconcepcion.cl\/wp-content\/uploads\/2023\/09\/onversatorio-sobre-Ceramica-Regional-del-Biobio-85x85.png 85w, https:\/\/www.ghconcepcion.cl\/wp-content\/uploads\/2023\/09\/onversatorio-sobre-Ceramica-Regional-del-Biobio-80x80.png 80w, https:\/\/www.ghconcepcion.cl\/wp-content\/uploads\/2023\/09\/onversatorio-sobre-Ceramica-Regional-del-Biobio.png 1080w\" sizes=\"(max-width: 1024px) 100vw, 1024px\" \/><\/figure>\n\n\n\n<div style=\"height:50px\" aria-hidden=\"true\" class=\"wp-block-spacer\"><\/div>\n\n\n\n<p>En el marco de la Cartelera Cultural GHC 40 a\u00f1os, financiada por el FONDART REGIONAL 2023 de la l\u00ednea de Culturas Regionales\/Participaci\u00f3n\/Consumo Cultural, se llevo a cabo el conversatorio \u201cCer\u00e1mica regional del Biob\u00edo\u201d el 19 de agosto a las 18:00 hrs en Galer\u00eda de la Historia de Concepci\u00f3n. En esta oportunidad tuvimos el honor de contar con la exposici\u00f3n de H\u00e9ctor Uribe Ulloa, Licenciado en Educaci\u00f3n y profesor de m\u00fasica, junto a Boris M\u00e1rquez Ochoa Mag\u00edster en Historia por la Universidad de Concepci\u00f3n y M\u00e1ster en Archiv\u00edstica por la Universidad Carlos III de Madrid. Por una parte, H\u00e9ctor Uribe, qui\u00e9n ha realizado trabajos de investigaci\u00f3n sobre la cer\u00e1mica de Lota, nos cuenta como fue descubriendo estas piezas decorativas que adornaban los hogares de las familias mineras, las cuales eran pintadas a mano por mujeres, quienes encontraron en la cer\u00e1mica una oportunidad laboral. H\u00e9ctor indaga en proceso de fabricaci\u00f3n y en c\u00f3mo fue evolucionando el dise\u00f1o de las piezas, transitando por diversos estilos art\u00edsticos, como por ejemplo el Art Deco, que marco una etapa de la producci\u00f3n. Por otra parte, Boris M\u00e1rquez quien ha realizado varias investigaciones sobre la Industria Cer\u00e1mica de Penco, nos entrega otra visi\u00f3n planteada desde actualidad, donde nos preguntamos \u00bfQu\u00e9 pasa con el patrimonio industrial de la cer\u00e1mica en nuestros d\u00edas?, problematizando la desaparici\u00f3n de estas industrias en la regi\u00f3n, tomando como ejemplo el reciente cierre de Fanaloza en Penco, que tras 124 a\u00f1os detuvo su producci\u00f3n en el pa\u00eds. Ante esto, se propone una visi\u00f3n que promueve el turismo y la preservaci\u00f3n del patrimonio cer\u00e1mico, y se reflexiona sobre la necesidad de hacernos cargo de esto, mediante la creaci\u00f3n espacios dedicados exclusivamente al estudio, conservaci\u00f3n y exposici\u00f3n de la cer\u00e1mica regional. Al finalizar la actividad fue entregado a todos\/as los\/as participantes el folleto \u201c40 a\u00f1os de Galer\u00eda de la Historia de Concepci\u00f3n\u201d, con el fin de celebrar nuestro aniversario y compartir parte de nuestra historia.<\/p>\n","protected":false},"excerpt":{"rendered":"<p>Conversatorio \u201cCer\u00e1mica regional del Biob\u00edo\u201d Investigaciones sobre la producci\u00f3n industrial de cer\u00e1mica en nuestra regi\u00f3n En el marco de la Cartelera Cultural GHC 40 a\u00f1os, financiada por el FONDART REGIONAL 2023 de la l\u00ednea de Culturas Regionales\/Participaci\u00f3n\/Consumo Cultural, se llevo a cabo el conversatorio \u201cCer\u00e1mica regional del Biob\u00edo\u201d el 19 de agosto a las 18:00 [&hellip;]<\/p>\n","protected":false},"author":3,"featured_media":3225,"comment_status":"open","ping_status":"open","sticky":false,"template":"","format":"standard","meta":{"footnotes":""},"categories":[8],"tags":[],"class_list":["post-3224","post","type-post","status-publish","format-standard","has-post-thumbnail","hentry","category-galeria-de-la-historia"],"_links":{"self":[{"href":"https:\/\/www.ghconcepcion.cl\/index.php\/wp-json\/wp\/v2\/posts\/3224","targetHints":{"allow":["GET"]}}],"collection":[{"href":"https:\/\/www.ghconcepcion.cl\/index.php\/wp-json\/wp\/v2\/posts"}],"about":[{"href":"https:\/\/www.ghconcepcion.cl\/index.php\/wp-json\/wp\/v2\/types\/post"}],"author":[{"embeddable":true,"href":"https:\/\/www.ghconcepcion.cl\/index.php\/wp-json\/wp\/v2\/users\/3"}],"replies":[{"embeddable":true,"href":"https:\/\/www.ghconcepcion.cl\/index.php\/wp-json\/wp\/v2\/comments?post=3224"}],"version-history":[{"count":3,"href":"https:\/\/www.ghconcepcion.cl\/index.php\/wp-json\/wp\/v2\/posts\/3224\/revisions"}],"predecessor-version":[{"id":3229,"href":"https:\/\/www.ghconcepcion.cl\/index.php\/wp-json\/wp\/v2\/posts\/3224\/revisions\/3229"}],"wp:featuredmedia":[{"embeddable":true,"href":"https:\/\/www.ghconcepcion.cl\/index.php\/wp-json\/wp\/v2\/media\/3225"}],"wp:attachment":[{"href":"https:\/\/www.ghconcepcion.cl\/index.php\/wp-json\/wp\/v2\/media?parent=3224"}],"wp:term":[{"taxonomy":"category","embeddable":true,"href":"https:\/\/www.ghconcepcion.cl\/index.php\/wp-json\/wp\/v2\/categories?post=3224"},{"taxonomy":"post_tag","embeddable":true,"href":"https:\/\/www.ghconcepcion.cl\/index.php\/wp-json\/wp\/v2\/tags?post=3224"}],"curies":[{"name":"wp","href":"https:\/\/api.w.org\/{rel}","templated":true}]}}