{"id":3234,"date":"2023-09-08T16:13:34","date_gmt":"2023-09-08T16:13:34","guid":{"rendered":"https:\/\/www.ghconcepcion.cl\/?p=3234"},"modified":"2023-09-20T17:35:50","modified_gmt":"2023-09-20T17:35:50","slug":"conversatorio-y-lanzamiento-de-videodanza-lenguajes-diversos","status":"publish","type":"post","link":"https:\/\/www.ghconcepcion.cl\/index.php\/2023\/09\/08\/conversatorio-y-lanzamiento-de-videodanza-lenguajes-diversos\/","title":{"rendered":"Conversatorio y lanzamiento de videodanza lenguajes diversos"},"content":{"rendered":"\n<hr class=\"wp-block-separator has-alpha-channel-opacity\"\/>\n\n\n\n<p style=\"font-size:25px\"><strong>Arte y cultura inclusiva: Aproximaciones desde el movimiento<\/strong><\/p>\n\n\n\n<figure class=\"wp-block-image size-large\"><img fetchpriority=\"high\" decoding=\"async\" width=\"1024\" height=\"1024\" src=\"https:\/\/www.ghconcepcion.cl\/wp-content\/uploads\/2023\/09\/Conversatorio-Arte-y-cultura-inclusiva-aproximaciones-desde-el-movimiento-muestra-videodanza-Lenguaje-diversos-1024x1024.png\" alt=\"\" class=\"wp-image-3235\" srcset=\"https:\/\/www.ghconcepcion.cl\/wp-content\/uploads\/2023\/09\/Conversatorio-Arte-y-cultura-inclusiva-aproximaciones-desde-el-movimiento-muestra-videodanza-Lenguaje-diversos-1024x1024.png 1024w, https:\/\/www.ghconcepcion.cl\/wp-content\/uploads\/2023\/09\/Conversatorio-Arte-y-cultura-inclusiva-aproximaciones-desde-el-movimiento-muestra-videodanza-Lenguaje-diversos-400x400.png 400w, https:\/\/www.ghconcepcion.cl\/wp-content\/uploads\/2023\/09\/Conversatorio-Arte-y-cultura-inclusiva-aproximaciones-desde-el-movimiento-muestra-videodanza-Lenguaje-diversos-768x768.png 768w, https:\/\/www.ghconcepcion.cl\/wp-content\/uploads\/2023\/09\/Conversatorio-Arte-y-cultura-inclusiva-aproximaciones-desde-el-movimiento-muestra-videodanza-Lenguaje-diversos-146x146.png 146w, https:\/\/www.ghconcepcion.cl\/wp-content\/uploads\/2023\/09\/Conversatorio-Arte-y-cultura-inclusiva-aproximaciones-desde-el-movimiento-muestra-videodanza-Lenguaje-diversos-50x50.png 50w, https:\/\/www.ghconcepcion.cl\/wp-content\/uploads\/2023\/09\/Conversatorio-Arte-y-cultura-inclusiva-aproximaciones-desde-el-movimiento-muestra-videodanza-Lenguaje-diversos-75x75.png 75w, https:\/\/www.ghconcepcion.cl\/wp-content\/uploads\/2023\/09\/Conversatorio-Arte-y-cultura-inclusiva-aproximaciones-desde-el-movimiento-muestra-videodanza-Lenguaje-diversos-85x85.png 85w, https:\/\/www.ghconcepcion.cl\/wp-content\/uploads\/2023\/09\/Conversatorio-Arte-y-cultura-inclusiva-aproximaciones-desde-el-movimiento-muestra-videodanza-Lenguaje-diversos-80x80.png 80w, https:\/\/www.ghconcepcion.cl\/wp-content\/uploads\/2023\/09\/Conversatorio-Arte-y-cultura-inclusiva-aproximaciones-desde-el-movimiento-muestra-videodanza-Lenguaje-diversos.png 1080w\" sizes=\"(max-width: 1024px) 100vw, 1024px\" \/><\/figure>\n\n\n\n<div style=\"height:45px\" aria-hidden=\"true\" class=\"wp-block-spacer\"><\/div>\n\n\n\n<p>El pasado jueves 7 de septiembre se llev\u00f3 a cabo el conversatorio \u201cArte y cultura inclusiva. Aproximaciones desde el movimiento\u201d, a cargo del colectivo Galer\u00eda y GHC. Esta actividad invit\u00f3 a dialogar en torno a la participaci\u00f3n de personas en situaci\u00f3n de discapacidad en espacios art\u00edsticos culturales a trav\u00e9s del movimiento, con representantes de la academia, artes esc\u00e9nicas y comunidad. Adem\u00e1s, se dio a conocer el videodanza Lenguajes diversos, creado como hito final del Laboratorio: C\u00f3mo recuerda mi cuerpo, facilitado por Adela Secall y Valeria Paulina Stuardo en Casa Taller Chiguayante. Se cont\u00f3 con las intervenciones de Mar\u00eda Jos\u00e9 Sol\u00eds&nbsp;&nbsp;del programa Includec de la Universidad de Concepci\u00f3n y Angela Puyao, desde el \u00e1rea de la danza contempor\u00e1nea. &nbsp;<\/p>\n\n\n\n<figure class=\"wp-block-gallery has-nested-images columns-default is-cropped wp-block-gallery-1 is-layout-flex wp-block-gallery-is-layout-flex\">\n<figure class=\"wp-block-image size-large\"><img decoding=\"async\" width=\"1024\" height=\"768\" data-id=\"3237\" src=\"https:\/\/www.ghconcepcion.cl\/wp-content\/uploads\/2023\/09\/20230907_163146-1024x768.jpg\" alt=\"\" class=\"wp-image-3237\" srcset=\"https:\/\/www.ghconcepcion.cl\/wp-content\/uploads\/2023\/09\/20230907_163146-1024x768.jpg 1024w, https:\/\/www.ghconcepcion.cl\/wp-content\/uploads\/2023\/09\/20230907_163146-400x300.jpg 400w, https:\/\/www.ghconcepcion.cl\/wp-content\/uploads\/2023\/09\/20230907_163146-768x576.jpg 768w, https:\/\/www.ghconcepcion.cl\/wp-content\/uploads\/2023\/09\/20230907_163146-1536x1152.jpg 1536w, https:\/\/www.ghconcepcion.cl\/wp-content\/uploads\/2023\/09\/20230907_163146-2048x1536.jpg 2048w, https:\/\/www.ghconcepcion.cl\/wp-content\/uploads\/2023\/09\/20230907_163146-195x146.jpg 195w, https:\/\/www.ghconcepcion.cl\/wp-content\/uploads\/2023\/09\/20230907_163146-50x38.jpg 50w, https:\/\/www.ghconcepcion.cl\/wp-content\/uploads\/2023\/09\/20230907_163146-100x75.jpg 100w\" sizes=\"(max-width: 1024px) 100vw, 1024px\" \/><\/figure>\n\n\n\n<figure class=\"wp-block-image size-large\"><img decoding=\"async\" width=\"1024\" height=\"768\" data-id=\"3239\" src=\"https:\/\/www.ghconcepcion.cl\/wp-content\/uploads\/2023\/09\/20230907_163456-1024x768.jpg\" alt=\"\" class=\"wp-image-3239\" srcset=\"https:\/\/www.ghconcepcion.cl\/wp-content\/uploads\/2023\/09\/20230907_163456-1024x768.jpg 1024w, https:\/\/www.ghconcepcion.cl\/wp-content\/uploads\/2023\/09\/20230907_163456-400x300.jpg 400w, https:\/\/www.ghconcepcion.cl\/wp-content\/uploads\/2023\/09\/20230907_163456-768x576.jpg 768w, https:\/\/www.ghconcepcion.cl\/wp-content\/uploads\/2023\/09\/20230907_163456-1536x1152.jpg 1536w, https:\/\/www.ghconcepcion.cl\/wp-content\/uploads\/2023\/09\/20230907_163456-2048x1536.jpg 2048w, https:\/\/www.ghconcepcion.cl\/wp-content\/uploads\/2023\/09\/20230907_163456-195x146.jpg 195w, https:\/\/www.ghconcepcion.cl\/wp-content\/uploads\/2023\/09\/20230907_163456-50x38.jpg 50w, https:\/\/www.ghconcepcion.cl\/wp-content\/uploads\/2023\/09\/20230907_163456-100x75.jpg 100w\" sizes=\"(max-width: 1024px) 100vw, 1024px\" \/><\/figure>\n\n\n\n<figure class=\"wp-block-image size-large\"><img loading=\"lazy\" decoding=\"async\" width=\"1024\" height=\"768\" data-id=\"3236\" src=\"https:\/\/www.ghconcepcion.cl\/wp-content\/uploads\/2023\/09\/20230907_171247-1024x768.jpg\" alt=\"\" class=\"wp-image-3236\" srcset=\"https:\/\/www.ghconcepcion.cl\/wp-content\/uploads\/2023\/09\/20230907_171247-1024x768.jpg 1024w, https:\/\/www.ghconcepcion.cl\/wp-content\/uploads\/2023\/09\/20230907_171247-400x300.jpg 400w, https:\/\/www.ghconcepcion.cl\/wp-content\/uploads\/2023\/09\/20230907_171247-768x576.jpg 768w, https:\/\/www.ghconcepcion.cl\/wp-content\/uploads\/2023\/09\/20230907_171247-1536x1152.jpg 1536w, https:\/\/www.ghconcepcion.cl\/wp-content\/uploads\/2023\/09\/20230907_171247-2048x1536.jpg 2048w, https:\/\/www.ghconcepcion.cl\/wp-content\/uploads\/2023\/09\/20230907_171247-195x146.jpg 195w, https:\/\/www.ghconcepcion.cl\/wp-content\/uploads\/2023\/09\/20230907_171247-50x38.jpg 50w, https:\/\/www.ghconcepcion.cl\/wp-content\/uploads\/2023\/09\/20230907_171247-100x75.jpg 100w\" sizes=\"(max-width: 1024px) 100vw, 1024px\" \/><\/figure>\n\n\n\n<figure class=\"wp-block-image size-large\"><img loading=\"lazy\" decoding=\"async\" width=\"1024\" height=\"768\" data-id=\"3238\" src=\"https:\/\/www.ghconcepcion.cl\/wp-content\/uploads\/2023\/09\/20230907_172932-1024x768.jpg\" alt=\"\" class=\"wp-image-3238\" srcset=\"https:\/\/www.ghconcepcion.cl\/wp-content\/uploads\/2023\/09\/20230907_172932-1024x768.jpg 1024w, https:\/\/www.ghconcepcion.cl\/wp-content\/uploads\/2023\/09\/20230907_172932-400x300.jpg 400w, https:\/\/www.ghconcepcion.cl\/wp-content\/uploads\/2023\/09\/20230907_172932-768x576.jpg 768w, https:\/\/www.ghconcepcion.cl\/wp-content\/uploads\/2023\/09\/20230907_172932-1536x1152.jpg 1536w, https:\/\/www.ghconcepcion.cl\/wp-content\/uploads\/2023\/09\/20230907_172932-2048x1536.jpg 2048w, https:\/\/www.ghconcepcion.cl\/wp-content\/uploads\/2023\/09\/20230907_172932-195x146.jpg 195w, https:\/\/www.ghconcepcion.cl\/wp-content\/uploads\/2023\/09\/20230907_172932-50x38.jpg 50w, https:\/\/www.ghconcepcion.cl\/wp-content\/uploads\/2023\/09\/20230907_172932-100x75.jpg 100w\" sizes=\"(max-width: 1024px) 100vw, 1024px\" \/><\/figure>\n<\/figure>\n","protected":false},"excerpt":{"rendered":"<p>Arte y cultura inclusiva: Aproximaciones desde el movimiento El pasado jueves 7 de septiembre se llev\u00f3 a cabo el conversatorio \u201cArte y cultura inclusiva. Aproximaciones desde el movimiento\u201d, a cargo del colectivo Galer\u00eda y GHC. Esta actividad invit\u00f3 a dialogar en torno a la participaci\u00f3n de personas en situaci\u00f3n de discapacidad en espacios art\u00edsticos culturales [&hellip;]<\/p>\n","protected":false},"author":3,"featured_media":3241,"comment_status":"open","ping_status":"open","sticky":false,"template":"","format":"standard","meta":{"footnotes":""},"categories":[8],"tags":[],"class_list":["post-3234","post","type-post","status-publish","format-standard","has-post-thumbnail","hentry","category-galeria-de-la-historia"],"_links":{"self":[{"href":"https:\/\/www.ghconcepcion.cl\/index.php\/wp-json\/wp\/v2\/posts\/3234","targetHints":{"allow":["GET"]}}],"collection":[{"href":"https:\/\/www.ghconcepcion.cl\/index.php\/wp-json\/wp\/v2\/posts"}],"about":[{"href":"https:\/\/www.ghconcepcion.cl\/index.php\/wp-json\/wp\/v2\/types\/post"}],"author":[{"embeddable":true,"href":"https:\/\/www.ghconcepcion.cl\/index.php\/wp-json\/wp\/v2\/users\/3"}],"replies":[{"embeddable":true,"href":"https:\/\/www.ghconcepcion.cl\/index.php\/wp-json\/wp\/v2\/comments?post=3234"}],"version-history":[{"count":2,"href":"https:\/\/www.ghconcepcion.cl\/index.php\/wp-json\/wp\/v2\/posts\/3234\/revisions"}],"predecessor-version":[{"id":3243,"href":"https:\/\/www.ghconcepcion.cl\/index.php\/wp-json\/wp\/v2\/posts\/3234\/revisions\/3243"}],"wp:featuredmedia":[{"embeddable":true,"href":"https:\/\/www.ghconcepcion.cl\/index.php\/wp-json\/wp\/v2\/media\/3241"}],"wp:attachment":[{"href":"https:\/\/www.ghconcepcion.cl\/index.php\/wp-json\/wp\/v2\/media?parent=3234"}],"wp:term":[{"taxonomy":"category","embeddable":true,"href":"https:\/\/www.ghconcepcion.cl\/index.php\/wp-json\/wp\/v2\/categories?post=3234"},{"taxonomy":"post_tag","embeddable":true,"href":"https:\/\/www.ghconcepcion.cl\/index.php\/wp-json\/wp\/v2\/tags?post=3234"}],"curies":[{"name":"wp","href":"https:\/\/api.w.org\/{rel}","templated":true}]}}