{"id":3254,"date":"2023-11-16T16:06:13","date_gmt":"2023-11-16T16:06:13","guid":{"rendered":"https:\/\/www.ghconcepcion.cl\/?p=3254"},"modified":"2023-11-16T16:06:14","modified_gmt":"2023-11-16T16:06:14","slug":"segundo-ciclo-historias-de-concepcion","status":"publish","type":"post","link":"https:\/\/www.ghconcepcion.cl\/index.php\/2023\/11\/16\/segundo-ciclo-historias-de-concepcion\/","title":{"rendered":"Segundo ciclo Historias de Concepci\u00f3n"},"content":{"rendered":"\n<figure class=\"wp-block-gallery has-nested-images columns-default is-cropped wp-block-gallery-1 is-layout-flex wp-block-gallery-is-layout-flex\">\n<figure class=\"wp-block-image size-large\"><img fetchpriority=\"high\" decoding=\"async\" width=\"774\" height=\"1024\" data-id=\"3255\" src=\"https:\/\/www.ghconcepcion.cl\/wp-content\/uploads\/2023\/11\/CHARLAS-2023-NOV_Mesa-de-trabajo-1-copia-2-774x1024.png\" alt=\"\" class=\"wp-image-3255\" srcset=\"https:\/\/www.ghconcepcion.cl\/wp-content\/uploads\/2023\/11\/CHARLAS-2023-NOV_Mesa-de-trabajo-1-copia-2-774x1024.png 774w, https:\/\/www.ghconcepcion.cl\/wp-content\/uploads\/2023\/11\/CHARLAS-2023-NOV_Mesa-de-trabajo-1-copia-2-302x400.png 302w, https:\/\/www.ghconcepcion.cl\/wp-content\/uploads\/2023\/11\/CHARLAS-2023-NOV_Mesa-de-trabajo-1-copia-2-768x1016.png 768w, https:\/\/www.ghconcepcion.cl\/wp-content\/uploads\/2023\/11\/CHARLAS-2023-NOV_Mesa-de-trabajo-1-copia-2-1161x1536.png 1161w, https:\/\/www.ghconcepcion.cl\/wp-content\/uploads\/2023\/11\/CHARLAS-2023-NOV_Mesa-de-trabajo-1-copia-2-1548x2048.png 1548w, https:\/\/www.ghconcepcion.cl\/wp-content\/uploads\/2023\/11\/CHARLAS-2023-NOV_Mesa-de-trabajo-1-copia-2-110x146.png 110w, https:\/\/www.ghconcepcion.cl\/wp-content\/uploads\/2023\/11\/CHARLAS-2023-NOV_Mesa-de-trabajo-1-copia-2-38x50.png 38w, https:\/\/www.ghconcepcion.cl\/wp-content\/uploads\/2023\/11\/CHARLAS-2023-NOV_Mesa-de-trabajo-1-copia-2-57x75.png 57w\" sizes=\"(max-width: 774px) 100vw, 774px\" \/><\/figure>\n<\/figure>\n\n\n\n<h2 class=\"wp-block-heading\">Segundo ciclo Historias de Concepci\u00f3n <\/h2>\n\n\n\n<p><strong>Galer\u00eda de la Historia de Concepci\u00f3n<\/strong>&nbsp;y la&nbsp;<strong>Facultad de Comunicaci\u00f3n, Historia y Ciencias Sociales<\/strong>&nbsp;de la Universidad Cat\u00f3lica de la Sant\u00edsima Concepci\u00f3n, tienen el agrado de invitarle al Segundo Ciclo de charlas \u201cHistorias de Concepci\u00f3n\u201d, instancia que se relevan diferentes investigaciones en el Gran Concepci\u00f3n. El ciclo se desarrollar\u00e1 en Galer\u00eda de la Historia de Concepci\u00f3n. (Calle Hospicio 40, Parque Ecuador)&nbsp;<strong>los jueves de noviembre y diciembre a las 18:30 hrs.<\/strong><\/p>\n\n\n\n<p>Programaci\u00f3n mes noviembre: &nbsp;<\/p>\n\n\n\n<p>Jueves 16: \u00abDe criados a sirvientes. La modernizaci\u00f3n del servicio dom\u00e9stico en Concepci\u00f3n. Pedro Valenzuela Reyes.<\/p>\n\n\n\n<p>Jueves 23: \u00abMujeres regentas vistas desde la otredad: Entre representaciones de la vida prostibular penquista, durante los a\u00f1os 1896-1925\u00bb Ivonne Molina Mu\u00f1oz<\/p>\n\n\n\n<p>Jueves 30: \u00abTeatro Enrique Molina Garmendia: Influencias europeas en Chile durante la primera mitad del siglo XX\u00bb Laura Acevedo Moreno<\/p>\n\n\n\n<p>Programaci\u00f3n mes diciembre:<\/p>\n\n\n\n<p>Jueves 7: \u00abCampeonato Regional de Concepci\u00f3n\u00bb (1949-1970) un espacio constructor de identidades desde el deporte. Gustavo Zuchel Ja\u00f1a<\/p>\n\n\n\n<p>Jueves 14: \u00abEl movimiento patrimonialista de Tom\u00e9: Apuntes para una historia ciudadana (2009-2018)\u00bb Gonzalo Enrique Ortega<\/p>\n\n\n\n<p>Jueves 21: \u00abArte urbano identitario en comunas industriales de Coronel, Penco, Tom\u00e9: Representaci\u00f3n de la memoria hist\u00f3rica a trav\u00e9s del muralismo 2017-2023\u00bb Roc\u00edo D\u00edaz Burgos<\/p>\n","protected":false},"excerpt":{"rendered":"<p>Segundo ciclo Historias de Concepci\u00f3n Galer\u00eda de la Historia de Concepci\u00f3n&nbsp;y la&nbsp;Facultad de Comunicaci\u00f3n, Historia y Ciencias Sociales&nbsp;de la Universidad Cat\u00f3lica de la Sant\u00edsima Concepci\u00f3n, tienen el agrado de invitarle al Segundo Ciclo de charlas \u201cHistorias de Concepci\u00f3n\u201d, instancia que se relevan diferentes investigaciones en el Gran Concepci\u00f3n. El ciclo se desarrollar\u00e1 en Galer\u00eda de [&hellip;]<\/p>\n","protected":false},"author":3,"featured_media":3256,"comment_status":"open","ping_status":"open","sticky":false,"template":"","format":"standard","meta":{"footnotes":""},"categories":[8],"tags":[],"class_list":["post-3254","post","type-post","status-publish","format-standard","has-post-thumbnail","hentry","category-galeria-de-la-historia"],"_links":{"self":[{"href":"https:\/\/www.ghconcepcion.cl\/index.php\/wp-json\/wp\/v2\/posts\/3254","targetHints":{"allow":["GET"]}}],"collection":[{"href":"https:\/\/www.ghconcepcion.cl\/index.php\/wp-json\/wp\/v2\/posts"}],"about":[{"href":"https:\/\/www.ghconcepcion.cl\/index.php\/wp-json\/wp\/v2\/types\/post"}],"author":[{"embeddable":true,"href":"https:\/\/www.ghconcepcion.cl\/index.php\/wp-json\/wp\/v2\/users\/3"}],"replies":[{"embeddable":true,"href":"https:\/\/www.ghconcepcion.cl\/index.php\/wp-json\/wp\/v2\/comments?post=3254"}],"version-history":[{"count":1,"href":"https:\/\/www.ghconcepcion.cl\/index.php\/wp-json\/wp\/v2\/posts\/3254\/revisions"}],"predecessor-version":[{"id":3257,"href":"https:\/\/www.ghconcepcion.cl\/index.php\/wp-json\/wp\/v2\/posts\/3254\/revisions\/3257"}],"wp:featuredmedia":[{"embeddable":true,"href":"https:\/\/www.ghconcepcion.cl\/index.php\/wp-json\/wp\/v2\/media\/3256"}],"wp:attachment":[{"href":"https:\/\/www.ghconcepcion.cl\/index.php\/wp-json\/wp\/v2\/media?parent=3254"}],"wp:term":[{"taxonomy":"category","embeddable":true,"href":"https:\/\/www.ghconcepcion.cl\/index.php\/wp-json\/wp\/v2\/categories?post=3254"},{"taxonomy":"post_tag","embeddable":true,"href":"https:\/\/www.ghconcepcion.cl\/index.php\/wp-json\/wp\/v2\/tags?post=3254"}],"curies":[{"name":"wp","href":"https:\/\/api.w.org\/{rel}","templated":true}]}}