{"id":3477,"date":"2024-08-05T19:23:38","date_gmt":"2024-08-05T19:23:38","guid":{"rendered":"https:\/\/www.ghconcepcion.cl\/?p=3477"},"modified":"2024-08-05T20:27:30","modified_gmt":"2024-08-05T20:27:30","slug":"lanzamiento-de-corvitur-biobio-en-cafe-y-galeria-de-la-historia-de-concepcion","status":"publish","type":"post","link":"https:\/\/www.ghconcepcion.cl\/index.php\/2024\/08\/05\/lanzamiento-de-corvitur-biobio-en-cafe-y-galeria-de-la-historia-de-concepcion\/","title":{"rendered":"Lanzamiento de Corvitur Biob\u00edo en caf\u00e9 y Galer\u00eda de la Historia de Concepci\u00f3n"},"content":{"rendered":"\n<h2 class=\"wp-block-heading\">Lanzamiento de Corvitur Biob\u00edo en Caf\u00e9 y Galer\u00eda de la Historia de Concepci\u00f3n<\/h2>\n\n\n\n<p><em>Durante la jornada se realizaron actividades y catas de cada una de las vi\u00f1as que componen CORVITUR Biob\u00edo.<\/em><\/p>\n\n\n\n<p>Este pasado s\u00e1bado 3 de agosto, entre 10 y 20 horas, el Caf\u00e9 de la Historia y Galer\u00eda de la Historia de Concepci\u00f3n fueron el epicentro del lanzamiento de la Corporaci\u00f3n de Vi\u00f1as y Enoturismo del Biob\u00edo, CORVITUR.  La jornada estuvo repleta de actividades destinadas a celebrar la rica tradici\u00f3n vitivin\u00edcola de la regi\u00f3n y su influencia en la identidad local. Iniciando con un conversatorio denominado \u201cVinos ancestrales del Biob\u00edo e identidad regional\u201d.<\/p>\n\n\n\n<p>El punto central del evento fue la presentaci\u00f3n oficial de CORVITUR, una iniciativa destinada a potenciar el enoturismo y promover las vi\u00f1as del Biob\u00edo como destinos tur\u00edsticos. La corporaci\u00f3n agrupa a un selecto grupo de vi\u00f1as y servicios de enoturismo, entre las que se incluyen Vi\u00f1a R\u00edo Claro, Don Pablo y su Cava, Vi\u00f1a Los Troncos, Vi\u00f1a Sanroke, Postal Turismo, Vi\u00f1a Sol de Los Mayos, Vi\u00f1a Do\u00f1a Luisa, La Ruta del Sommelier, Vi\u00f1a Santa \u00c1ngela, Vi\u00f1a Tierra Firme, Vi\u00f1a Ludgarda, Vi\u00f1a Mar\u00eda Carlota, Vi\u00f1a Quimay, Vi\u00f1a Vientre de Oro y Vi\u00f1a Las Almendras.<\/p>\n\n\n\n<p>La m\u00fasica en vivo complement\u00f3 el ambiente festivo con las presentaciones de \u00abCanarito y C\u00e9sar Arriagada\u00bb y \u00abIgnacio Gonz\u00e1lez &amp; Tr\u00edo Jazz\u00bb, ofreciendo una banda sonora perfecta para la ocasi\u00f3n.  Un coloquio interactivo sobre \u00abEnoturismo y la electromovilidad automotriz en el valle vitivin\u00edcola del Biob\u00edo\u00bb atrajo la atenci\u00f3n de los participantes, quienes debatieron sobre la sostenibilidad y la innovaci\u00f3n en el sector.<\/p>\n\n\n\n<p>Adem\u00e1s, se activaron destinos ecotur\u00edsticos en Tom\u00e9, Los \u00c1ngeles, Nacimiento, Millant\u00fa, Laja, Santa Juana, San Rosendo, Yumbel, Concepci\u00f3n y Florida, subrayando las m\u00faltiples opciones que ofrece la regi\u00f3n para los amantes del turismo y la naturaleza. Para facilitar la exploraci\u00f3n de estas experiencias, CORVITUR present\u00f3 su p\u00e1gina web oficial, www.corviturbiobio.cl, que servir\u00e1 como plataforma para informar y guiar a los visitantes interesados en descubrir las joyas enol\u00f3gicas del Biob\u00edo. El evento atrajo a una gran cantidad de p\u00fablico, quienes tuvieron la oportunidad de disfrutar de catas en cada una de las vi\u00f1as participantes y sumergirse en la cultura del vino en un entorno \u00fanico y acogedor.<\/p>\n\n\n\n<p>CORVITUR se establece, as\u00ed como un impulsor clave del turismo enol\u00f3gico en el Biob\u00edo, prometiendo nuevos horizontes para el desarrollo econ\u00f3mico y cultural de la regi\u00f3n.<\/p>\n\n\n\n<p><\/p>\n\n\n\n<figure class=\"wp-block-gallery has-nested-images columns-default is-cropped wp-block-gallery-1 is-layout-flex wp-block-gallery-is-layout-flex\">\n<figure class=\"wp-block-image size-large\"><img decoding=\"async\" data-id=\"3487\" src=\"https:\/\/www.ghconcepcion.cl\/wp-content\/uploads\/2024\/08\/WhatsApp-Image-2024-08-05-at-14.53.07-3.jpeg\" alt=\"\" class=\"wp-image-3487\"\/><\/figure>\n\n\n\n<figure class=\"wp-block-image size-large\"><img fetchpriority=\"high\" decoding=\"async\" width=\"1024\" height=\"683\" data-id=\"3491\" src=\"https:\/\/www.ghconcepcion.cl\/wp-content\/uploads\/2024\/08\/WhatsApp-Image-2024-08-05-at-14.53.04-1024x683.jpeg\" alt=\"\" class=\"wp-image-3491\" srcset=\"https:\/\/www.ghconcepcion.cl\/wp-content\/uploads\/2024\/08\/WhatsApp-Image-2024-08-05-at-14.53.04-1024x683.jpeg 1024w, https:\/\/www.ghconcepcion.cl\/wp-content\/uploads\/2024\/08\/WhatsApp-Image-2024-08-05-at-14.53.04-400x267.jpeg 400w, https:\/\/www.ghconcepcion.cl\/wp-content\/uploads\/2024\/08\/WhatsApp-Image-2024-08-05-at-14.53.04.jpeg 1500w\" sizes=\"(max-width: 1024px) 100vw, 1024px\" \/><\/figure>\n\n\n\n<figure class=\"wp-block-image size-large\"><img decoding=\"async\" width=\"2560\" height=\"1150\" data-id=\"3485\" src=\"https:\/\/www.ghconcepcion.cl\/wp-content\/uploads\/2024\/08\/WhatsApp-Image-2024-08-05-at-14.53.07-1-scaled.jpeg\" alt=\"\" class=\"wp-image-3485\" srcset=\"https:\/\/www.ghconcepcion.cl\/wp-content\/uploads\/2024\/08\/WhatsApp-Image-2024-08-05-at-14.53.07-1-scaled.jpeg 2560w, https:\/\/www.ghconcepcion.cl\/wp-content\/uploads\/2024\/08\/WhatsApp-Image-2024-08-05-at-14.53.07-1-400x180.jpeg 400w\" sizes=\"(max-width: 2560px) 100vw, 2560px\" \/><\/figure>\n\n\n\n<figure class=\"wp-block-image size-large\"><img decoding=\"async\" width=\"1024\" height=\"683\" data-id=\"3484\" src=\"https:\/\/www.ghconcepcion.cl\/wp-content\/uploads\/2024\/08\/WhatsApp-Image-2024-08-05-at-14.53.06-1024x683.jpeg\" alt=\"\" class=\"wp-image-3484\" srcset=\"https:\/\/www.ghconcepcion.cl\/wp-content\/uploads\/2024\/08\/WhatsApp-Image-2024-08-05-at-14.53.06-1024x683.jpeg 1024w, https:\/\/www.ghconcepcion.cl\/wp-content\/uploads\/2024\/08\/WhatsApp-Image-2024-08-05-at-14.53.06-400x267.jpeg 400w, https:\/\/www.ghconcepcion.cl\/wp-content\/uploads\/2024\/08\/WhatsApp-Image-2024-08-05-at-14.53.06.jpeg 1500w\" sizes=\"(max-width: 1024px) 100vw, 1024px\" \/><\/figure>\n\n\n\n<figure class=\"wp-block-image size-large\"><img loading=\"lazy\" decoding=\"async\" width=\"1024\" height=\"683\" data-id=\"3482\" src=\"https:\/\/www.ghconcepcion.cl\/wp-content\/uploads\/2024\/08\/WhatsApp-Image-2024-08-05-at-14.53.06-2-1024x683.jpeg\" alt=\"\" class=\"wp-image-3482\" srcset=\"https:\/\/www.ghconcepcion.cl\/wp-content\/uploads\/2024\/08\/WhatsApp-Image-2024-08-05-at-14.53.06-2-1024x683.jpeg 1024w, https:\/\/www.ghconcepcion.cl\/wp-content\/uploads\/2024\/08\/WhatsApp-Image-2024-08-05-at-14.53.06-2-400x267.jpeg 400w, https:\/\/www.ghconcepcion.cl\/wp-content\/uploads\/2024\/08\/WhatsApp-Image-2024-08-05-at-14.53.06-2.jpeg 1500w\" sizes=\"(max-width: 1024px) 100vw, 1024px\" \/><\/figure>\n\n\n\n<figure class=\"wp-block-image size-large\"><img loading=\"lazy\" decoding=\"async\" width=\"1024\" height=\"683\" data-id=\"3479\" src=\"https:\/\/www.ghconcepcion.cl\/wp-content\/uploads\/2024\/08\/WhatsApp-Image-2024-08-05-at-14.53.05-3-1024x683.jpeg\" alt=\"\" class=\"wp-image-3479\" srcset=\"https:\/\/www.ghconcepcion.cl\/wp-content\/uploads\/2024\/08\/WhatsApp-Image-2024-08-05-at-14.53.05-3-1024x683.jpeg 1024w, https:\/\/www.ghconcepcion.cl\/wp-content\/uploads\/2024\/08\/WhatsApp-Image-2024-08-05-at-14.53.05-3-400x267.jpeg 400w, https:\/\/www.ghconcepcion.cl\/wp-content\/uploads\/2024\/08\/WhatsApp-Image-2024-08-05-at-14.53.05-3.jpeg 1500w\" sizes=\"(max-width: 1024px) 100vw, 1024px\" \/><\/figure>\n\n\n\n<figure class=\"wp-block-image size-large\"><img loading=\"lazy\" decoding=\"async\" width=\"1024\" height=\"683\" data-id=\"3490\" src=\"https:\/\/www.ghconcepcion.cl\/wp-content\/uploads\/2024\/08\/WhatsApp-Image-2024-08-05-at-14.53.05-1-1024x683.jpeg\" alt=\"\" class=\"wp-image-3490\" srcset=\"https:\/\/www.ghconcepcion.cl\/wp-content\/uploads\/2024\/08\/WhatsApp-Image-2024-08-05-at-14.53.05-1-1024x683.jpeg 1024w, https:\/\/www.ghconcepcion.cl\/wp-content\/uploads\/2024\/08\/WhatsApp-Image-2024-08-05-at-14.53.05-1-400x267.jpeg 400w, https:\/\/www.ghconcepcion.cl\/wp-content\/uploads\/2024\/08\/WhatsApp-Image-2024-08-05-at-14.53.05-1.jpeg 1500w\" sizes=\"(max-width: 1024px) 100vw, 1024px\" \/><\/figure>\n\n\n\n<figure class=\"wp-block-image size-large\"><img decoding=\"async\" data-id=\"3483\" src=\"https:\/\/www.ghconcepcion.cl\/wp-content\/uploads\/2024\/08\/WhatsApp-Image-2024-08-05-at-14.53.06-3.jpeg\" alt=\"\" class=\"wp-image-3483\"\/><\/figure>\n\n\n\n<figure class=\"wp-block-image size-large\"><img decoding=\"async\" data-id=\"3488\" src=\"https:\/\/www.ghconcepcion.cl\/wp-content\/uploads\/2024\/08\/WhatsApp-Image-2024-08-05-at-14.53.07-4.jpeg\" alt=\"\" class=\"wp-image-3488\"\/><\/figure>\n<\/figure>\n\n\n\n<figure class=\"wp-block-gallery has-nested-images columns-default is-cropped wp-block-gallery-2 is-layout-flex wp-block-gallery-is-layout-flex\">\n<figure class=\"wp-block-image size-large\"><img loading=\"lazy\" decoding=\"async\" width=\"1024\" height=\"683\" data-id=\"3481\" src=\"https:\/\/www.ghconcepcion.cl\/wp-content\/uploads\/2024\/08\/WhatsApp-Image-2024-08-05-at-14.53.06-1-1024x683.jpeg\" alt=\"\" class=\"wp-image-3481\" srcset=\"https:\/\/www.ghconcepcion.cl\/wp-content\/uploads\/2024\/08\/WhatsApp-Image-2024-08-05-at-14.53.06-1-1024x683.jpeg 1024w, https:\/\/www.ghconcepcion.cl\/wp-content\/uploads\/2024\/08\/WhatsApp-Image-2024-08-05-at-14.53.06-1-400x267.jpeg 400w, https:\/\/www.ghconcepcion.cl\/wp-content\/uploads\/2024\/08\/WhatsApp-Image-2024-08-05-at-14.53.06-1.jpeg 1500w\" sizes=\"(max-width: 1024px) 100vw, 1024px\" \/><\/figure>\n<\/figure>\n","protected":false},"excerpt":{"rendered":"<p>Lanzamiento de Corvitur Biob\u00edo en Caf\u00e9 y Galer\u00eda de la Historia de Concepci\u00f3n Durante la jornada se realizaron actividades y catas de cada una de las vi\u00f1as que componen CORVITUR Biob\u00edo. Este pasado s\u00e1bado 3 de agosto, entre 10 y 20 horas, el Caf\u00e9 de la Historia y Galer\u00eda de la Historia de Concepci\u00f3n fueron [&hellip;]<\/p>\n","protected":false},"author":3,"featured_media":3481,"comment_status":"open","ping_status":"open","sticky":false,"template":"","format":"standard","meta":{"footnotes":""},"categories":[8],"tags":[],"class_list":["post-3477","post","type-post","status-publish","format-standard","has-post-thumbnail","hentry","category-galeria-de-la-historia"],"_links":{"self":[{"href":"https:\/\/www.ghconcepcion.cl\/index.php\/wp-json\/wp\/v2\/posts\/3477","targetHints":{"allow":["GET"]}}],"collection":[{"href":"https:\/\/www.ghconcepcion.cl\/index.php\/wp-json\/wp\/v2\/posts"}],"about":[{"href":"https:\/\/www.ghconcepcion.cl\/index.php\/wp-json\/wp\/v2\/types\/post"}],"author":[{"embeddable":true,"href":"https:\/\/www.ghconcepcion.cl\/index.php\/wp-json\/wp\/v2\/users\/3"}],"replies":[{"embeddable":true,"href":"https:\/\/www.ghconcepcion.cl\/index.php\/wp-json\/wp\/v2\/comments?post=3477"}],"version-history":[{"count":3,"href":"https:\/\/www.ghconcepcion.cl\/index.php\/wp-json\/wp\/v2\/posts\/3477\/revisions"}],"predecessor-version":[{"id":3495,"href":"https:\/\/www.ghconcepcion.cl\/index.php\/wp-json\/wp\/v2\/posts\/3477\/revisions\/3495"}],"wp:featuredmedia":[{"embeddable":true,"href":"https:\/\/www.ghconcepcion.cl\/index.php\/wp-json\/wp\/v2\/media\/3481"}],"wp:attachment":[{"href":"https:\/\/www.ghconcepcion.cl\/index.php\/wp-json\/wp\/v2\/media?parent=3477"}],"wp:term":[{"taxonomy":"category","embeddable":true,"href":"https:\/\/www.ghconcepcion.cl\/index.php\/wp-json\/wp\/v2\/categories?post=3477"},{"taxonomy":"post_tag","embeddable":true,"href":"https:\/\/www.ghconcepcion.cl\/index.php\/wp-json\/wp\/v2\/tags?post=3477"}],"curies":[{"name":"wp","href":"https:\/\/api.w.org\/{rel}","templated":true}]}}