{"id":3774,"date":"2024-09-16T19:13:21","date_gmt":"2024-09-16T19:13:21","guid":{"rendered":"https:\/\/www.ghconcepcion.cl\/?p=3774"},"modified":"2024-10-09T20:49:59","modified_gmt":"2024-10-09T20:49:59","slug":"taller-de-bordado-en-arpillera-ghc-proyecto-fondart-regional-2024","status":"publish","type":"post","link":"https:\/\/www.ghconcepcion.cl\/index.php\/2024\/09\/16\/taller-de-bordado-en-arpillera-ghc-proyecto-fondart-regional-2024\/","title":{"rendered":"Taller de bordado en arpillera GHC, proyecto FONDART Regional 2024"},"content":{"rendered":"\n<h2 class=\"wp-block-heading\"><strong>Taller de bordado en arpillera GHC, proyecto FONDART Regional 2024<\/strong><\/h2>\n\n\n\n<p><em>Un espacio para el arte popular chileno y la memoria colectiva tuvo espacio de creatividad en el Museo Galer\u00eda de la Historia de Concepci\u00f3n como parte de su cartelera cultural.<\/em><\/p>\n\n\n\n<p>La Galer\u00eda de la Historia de Concepci\u00f3n se convirti\u00f3 en un punto de encuentro para la creatividad y la tradici\u00f3n con la realizaci\u00f3n de un taller de bordado en arpillera, perteneciente al proyecto \u201cCultura en movimiento GHC un lugar de encuentros\u201d financiado por el Fondart Regional 2024. Este taller fue mediado por la dise\u00f1adora Catalina Larrere Salort, tuvo lugar en cuatro sesiones que se llevaron a cabo los d\u00edas 5, 6, 12 y 13 de septiembre, reuniendo a 15 participantes que exploraron su creatividad a trav\u00e9s de esta t\u00e9cnica textil emblem\u00e1tica.<\/p>\n\n\n\n<p>El bordado en arpillera es una forma de arte popular profundamente arraigada en la cultura chilena, que utiliza retazos de tela y bordados simples para contar historias. Esta t\u00e9cnica, que comenz\u00f3 a ganar popularidad en la d\u00e9cada de 1970, se ha utilizado como medio de expresi\u00f3n para comunidades, permitiendo transmitir vivencias, emociones y relatos de resistencia. Cada pieza de arpillera se convierte en un testimonio visual, donde los colores y formas reflejan las experiencias de quienes las crean.<\/p>\n\n\n\n<figure class=\"wp-block-gallery has-nested-images columns-default is-cropped wp-block-gallery-1 is-layout-flex wp-block-gallery-is-layout-flex\">\n<figure class=\"wp-block-image size-large\"><img fetchpriority=\"high\" decoding=\"async\" width=\"1024\" height=\"683\" data-id=\"3775\" src=\"https:\/\/www.ghconcepcion.cl\/wp-content\/uploads\/2024\/10\/DSC_0460-1024x683.jpg\" alt=\"\" class=\"wp-image-3775\" srcset=\"https:\/\/www.ghconcepcion.cl\/wp-content\/uploads\/2024\/10\/DSC_0460-1024x683.jpg 1024w, https:\/\/www.ghconcepcion.cl\/wp-content\/uploads\/2024\/10\/DSC_0460-400x267.jpg 400w, https:\/\/www.ghconcepcion.cl\/wp-content\/uploads\/2024\/10\/DSC_0460-768x512.jpg 768w, https:\/\/www.ghconcepcion.cl\/wp-content\/uploads\/2024\/10\/DSC_0460-1536x1024.jpg 1536w, https:\/\/www.ghconcepcion.cl\/wp-content\/uploads\/2024\/10\/DSC_0460-2048x1365.jpg 2048w\" sizes=\"(max-width: 1024px) 100vw, 1024px\" \/><\/figure>\n<\/figure>\n\n\n\n<p>Durante las sesiones, que se desarrollaron entre las 16:00 y las 18:00 horas, las participantes aprendieron sobre la historia del bordado en arpillera, as\u00ed como diversas t\u00e9cnicas para crear sus propias obras. Bajo la gu\u00eda de Catalina, las asistentes pudieron experimentar con diferentes telas y hilos, desarrollando sus ideas y narrativas personales. Esta instancia no solo fue una oportunidad para aprender, sino tambi\u00e9n un espacio de intercambio y conexi\u00f3n entre los participantes, quienes compartieron sus historias y reflexiones sobre la importancia de mantener vivas estas tradiciones.<\/p>\n\n\n\n<p>La Galer\u00eda de la Historia de Concepci\u00f3n, situada en calle Hospicio 40, Parque Ecuador, ha demostrado ser un importante referente en la promoci\u00f3n de las artes y la cultura local. Este taller se alinea con la misi\u00f3n de la galer\u00eda de fomentar iniciativas que valoren el patrimonio cultural, creando espacios donde la comunidad pueda explorar y celebrar su identidad a trav\u00e9s del arte.<\/p>\n\n\n\n<p><\/p>\n\n\n\n<figure class=\"wp-block-gallery has-nested-images columns-default is-cropped wp-block-gallery-2 is-layout-flex wp-block-gallery-is-layout-flex\">\n<figure class=\"wp-block-image size-large\"><img decoding=\"async\" width=\"1024\" height=\"683\" data-id=\"3776\" src=\"https:\/\/www.ghconcepcion.cl\/wp-content\/uploads\/2024\/10\/DSC_0464-1024x683.jpg\" alt=\"\" class=\"wp-image-3776\" srcset=\"https:\/\/www.ghconcepcion.cl\/wp-content\/uploads\/2024\/10\/DSC_0464-1024x683.jpg 1024w, https:\/\/www.ghconcepcion.cl\/wp-content\/uploads\/2024\/10\/DSC_0464-400x267.jpg 400w, https:\/\/www.ghconcepcion.cl\/wp-content\/uploads\/2024\/10\/DSC_0464-768x512.jpg 768w, https:\/\/www.ghconcepcion.cl\/wp-content\/uploads\/2024\/10\/DSC_0464-1536x1024.jpg 1536w, https:\/\/www.ghconcepcion.cl\/wp-content\/uploads\/2024\/10\/DSC_0464-2048x1365.jpg 2048w\" sizes=\"(max-width: 1024px) 100vw, 1024px\" \/><\/figure>\n\n\n\n<figure class=\"wp-block-image size-large\"><img decoding=\"async\" width=\"1024\" height=\"683\" data-id=\"3777\" src=\"https:\/\/www.ghconcepcion.cl\/wp-content\/uploads\/2024\/10\/DSC_0494-1024x683.jpg\" alt=\"\" class=\"wp-image-3777\" srcset=\"https:\/\/www.ghconcepcion.cl\/wp-content\/uploads\/2024\/10\/DSC_0494-1024x683.jpg 1024w, https:\/\/www.ghconcepcion.cl\/wp-content\/uploads\/2024\/10\/DSC_0494-400x267.jpg 400w, https:\/\/www.ghconcepcion.cl\/wp-content\/uploads\/2024\/10\/DSC_0494-768x512.jpg 768w, https:\/\/www.ghconcepcion.cl\/wp-content\/uploads\/2024\/10\/DSC_0494-1536x1024.jpg 1536w, https:\/\/www.ghconcepcion.cl\/wp-content\/uploads\/2024\/10\/DSC_0494-2048x1365.jpg 2048w\" sizes=\"(max-width: 1024px) 100vw, 1024px\" \/><\/figure>\n\n\n\n<figure class=\"wp-block-image size-large\"><img loading=\"lazy\" decoding=\"async\" width=\"1024\" height=\"683\" data-id=\"3778\" src=\"https:\/\/www.ghconcepcion.cl\/wp-content\/uploads\/2024\/10\/DSC_0510-1024x683.jpg\" alt=\"\" class=\"wp-image-3778\" srcset=\"https:\/\/www.ghconcepcion.cl\/wp-content\/uploads\/2024\/10\/DSC_0510-1024x683.jpg 1024w, https:\/\/www.ghconcepcion.cl\/wp-content\/uploads\/2024\/10\/DSC_0510-400x267.jpg 400w, https:\/\/www.ghconcepcion.cl\/wp-content\/uploads\/2024\/10\/DSC_0510-768x512.jpg 768w, https:\/\/www.ghconcepcion.cl\/wp-content\/uploads\/2024\/10\/DSC_0510-1536x1024.jpg 1536w, https:\/\/www.ghconcepcion.cl\/wp-content\/uploads\/2024\/10\/DSC_0510-2048x1365.jpg 2048w\" sizes=\"(max-width: 1024px) 100vw, 1024px\" \/><\/figure>\n\n\n\n<figure class=\"wp-block-image size-large\"><img loading=\"lazy\" decoding=\"async\" width=\"1024\" height=\"683\" data-id=\"3781\" src=\"https:\/\/www.ghconcepcion.cl\/wp-content\/uploads\/2024\/10\/DSC_0680-2-1024x683.jpg\" alt=\"\" class=\"wp-image-3781\" srcset=\"https:\/\/www.ghconcepcion.cl\/wp-content\/uploads\/2024\/10\/DSC_0680-2-1024x683.jpg 1024w, https:\/\/www.ghconcepcion.cl\/wp-content\/uploads\/2024\/10\/DSC_0680-2-400x267.jpg 400w, https:\/\/www.ghconcepcion.cl\/wp-content\/uploads\/2024\/10\/DSC_0680-2-768x512.jpg 768w, https:\/\/www.ghconcepcion.cl\/wp-content\/uploads\/2024\/10\/DSC_0680-2-1536x1024.jpg 1536w, https:\/\/www.ghconcepcion.cl\/wp-content\/uploads\/2024\/10\/DSC_0680-2-2048x1365.jpg 2048w\" sizes=\"(max-width: 1024px) 100vw, 1024px\" \/><\/figure>\n\n\n\n<figure class=\"wp-block-image size-large\"><img loading=\"lazy\" decoding=\"async\" width=\"1024\" height=\"683\" data-id=\"3782\" src=\"https:\/\/www.ghconcepcion.cl\/wp-content\/uploads\/2024\/10\/DSC_0691-1-1024x683.jpg\" alt=\"\" class=\"wp-image-3782\" srcset=\"https:\/\/www.ghconcepcion.cl\/wp-content\/uploads\/2024\/10\/DSC_0691-1-1024x683.jpg 1024w, https:\/\/www.ghconcepcion.cl\/wp-content\/uploads\/2024\/10\/DSC_0691-1-400x267.jpg 400w, https:\/\/www.ghconcepcion.cl\/wp-content\/uploads\/2024\/10\/DSC_0691-1-768x512.jpg 768w, https:\/\/www.ghconcepcion.cl\/wp-content\/uploads\/2024\/10\/DSC_0691-1-1536x1024.jpg 1536w, https:\/\/www.ghconcepcion.cl\/wp-content\/uploads\/2024\/10\/DSC_0691-1-2048x1365.jpg 2048w\" sizes=\"(max-width: 1024px) 100vw, 1024px\" \/><\/figure>\n\n\n\n<figure class=\"wp-block-image size-large\"><img loading=\"lazy\" decoding=\"async\" width=\"1024\" height=\"683\" data-id=\"3783\" src=\"https:\/\/www.ghconcepcion.cl\/wp-content\/uploads\/2024\/10\/DSC_0526-1-1024x683.jpg\" alt=\"\" class=\"wp-image-3783\" srcset=\"https:\/\/www.ghconcepcion.cl\/wp-content\/uploads\/2024\/10\/DSC_0526-1-1024x683.jpg 1024w, https:\/\/www.ghconcepcion.cl\/wp-content\/uploads\/2024\/10\/DSC_0526-1-400x267.jpg 400w, https:\/\/www.ghconcepcion.cl\/wp-content\/uploads\/2024\/10\/DSC_0526-1-768x512.jpg 768w, https:\/\/www.ghconcepcion.cl\/wp-content\/uploads\/2024\/10\/DSC_0526-1-1536x1024.jpg 1536w, https:\/\/www.ghconcepcion.cl\/wp-content\/uploads\/2024\/10\/DSC_0526-1-2048x1365.jpg 2048w\" sizes=\"(max-width: 1024px) 100vw, 1024px\" \/><\/figure>\n\n\n\n<figure class=\"wp-block-image size-large\"><img loading=\"lazy\" decoding=\"async\" width=\"1024\" height=\"683\" data-id=\"3785\" src=\"https:\/\/www.ghconcepcion.cl\/wp-content\/uploads\/2024\/10\/DSC_0662-1024x683.jpg\" alt=\"\" class=\"wp-image-3785\" srcset=\"https:\/\/www.ghconcepcion.cl\/wp-content\/uploads\/2024\/10\/DSC_0662-1024x683.jpg 1024w, https:\/\/www.ghconcepcion.cl\/wp-content\/uploads\/2024\/10\/DSC_0662-400x267.jpg 400w, https:\/\/www.ghconcepcion.cl\/wp-content\/uploads\/2024\/10\/DSC_0662-768x512.jpg 768w, https:\/\/www.ghconcepcion.cl\/wp-content\/uploads\/2024\/10\/DSC_0662-1536x1024.jpg 1536w, https:\/\/www.ghconcepcion.cl\/wp-content\/uploads\/2024\/10\/DSC_0662-2048x1365.jpg 2048w\" sizes=\"(max-width: 1024px) 100vw, 1024px\" \/><\/figure>\n<\/figure>\n\n\n\n<p>El financiamiento a trav\u00e9s del Fondo Nacional de Desarrollo Cultural y las Artes en su convocatoria 2024 ha permitido que este tipo de proyectos se realicen, contribuyendo a la vitalidad cultural de la regi\u00f3n. La realizaci\u00f3n del taller de bordado en arpillera no solo resalta la relevancia de estas pr\u00e1cticas art\u00edsticas, sino que tambi\u00e9n fortalece la comunidad al invitar a los participantes a compartir y aprender en conjunto.<\/p>\n\n\n\n<figure class=\"wp-block-image size-large\"><img loading=\"lazy\" decoding=\"async\" width=\"1024\" height=\"683\" src=\"https:\/\/www.ghconcepcion.cl\/wp-content\/uploads\/2024\/10\/DSC_0698-1024x683.jpg\" alt=\"\" class=\"wp-image-3786\" srcset=\"https:\/\/www.ghconcepcion.cl\/wp-content\/uploads\/2024\/10\/DSC_0698-1024x683.jpg 1024w, https:\/\/www.ghconcepcion.cl\/wp-content\/uploads\/2024\/10\/DSC_0698-400x267.jpg 400w, https:\/\/www.ghconcepcion.cl\/wp-content\/uploads\/2024\/10\/DSC_0698-768x512.jpg 768w, https:\/\/www.ghconcepcion.cl\/wp-content\/uploads\/2024\/10\/DSC_0698-1536x1024.jpg 1536w, https:\/\/www.ghconcepcion.cl\/wp-content\/uploads\/2024\/10\/DSC_0698-2048x1365.jpg 2048w\" sizes=\"(max-width: 1024px) 100vw, 1024px\" \/><\/figure>\n","protected":false},"excerpt":{"rendered":"<p>Taller de bordado en arpillera GHC, proyecto FONDART Regional 2024 Un espacio para el arte popular chileno y la memoria colectiva tuvo espacio de creatividad en el Museo Galer\u00eda de la Historia de Concepci\u00f3n como parte de su cartelera cultural. La Galer\u00eda de la Historia de Concepci\u00f3n se convirti\u00f3 en un punto de encuentro para [&hellip;]<\/p>\n","protected":false},"author":3,"featured_media":3781,"comment_status":"open","ping_status":"open","sticky":false,"template":"","format":"standard","meta":{"footnotes":""},"categories":[8],"tags":[],"class_list":["post-3774","post","type-post","status-publish","format-standard","has-post-thumbnail","hentry","category-galeria-de-la-historia"],"_links":{"self":[{"href":"https:\/\/www.ghconcepcion.cl\/index.php\/wp-json\/wp\/v2\/posts\/3774","targetHints":{"allow":["GET"]}}],"collection":[{"href":"https:\/\/www.ghconcepcion.cl\/index.php\/wp-json\/wp\/v2\/posts"}],"about":[{"href":"https:\/\/www.ghconcepcion.cl\/index.php\/wp-json\/wp\/v2\/types\/post"}],"author":[{"embeddable":true,"href":"https:\/\/www.ghconcepcion.cl\/index.php\/wp-json\/wp\/v2\/users\/3"}],"replies":[{"embeddable":true,"href":"https:\/\/www.ghconcepcion.cl\/index.php\/wp-json\/wp\/v2\/comments?post=3774"}],"version-history":[{"count":1,"href":"https:\/\/www.ghconcepcion.cl\/index.php\/wp-json\/wp\/v2\/posts\/3774\/revisions"}],"predecessor-version":[{"id":3787,"href":"https:\/\/www.ghconcepcion.cl\/index.php\/wp-json\/wp\/v2\/posts\/3774\/revisions\/3787"}],"wp:featuredmedia":[{"embeddable":true,"href":"https:\/\/www.ghconcepcion.cl\/index.php\/wp-json\/wp\/v2\/media\/3781"}],"wp:attachment":[{"href":"https:\/\/www.ghconcepcion.cl\/index.php\/wp-json\/wp\/v2\/media?parent=3774"}],"wp:term":[{"taxonomy":"category","embeddable":true,"href":"https:\/\/www.ghconcepcion.cl\/index.php\/wp-json\/wp\/v2\/categories?post=3774"},{"taxonomy":"post_tag","embeddable":true,"href":"https:\/\/www.ghconcepcion.cl\/index.php\/wp-json\/wp\/v2\/tags?post=3774"}],"curies":[{"name":"wp","href":"https:\/\/api.w.org\/{rel}","templated":true}]}}