{"id":4066,"date":"2025-08-04T20:46:16","date_gmt":"2025-08-04T20:46:16","guid":{"rendered":"https:\/\/www.ghconcepcion.cl\/?p=4066"},"modified":"2025-08-04T20:47:41","modified_gmt":"2025-08-04T20:47:41","slug":"v-encuentro-de-archivos-de-artes-visuales-del-biobio-se-lleva-a-cabo-en-ghc","status":"publish","type":"post","link":"https:\/\/www.ghconcepcion.cl\/index.php\/2025\/08\/04\/v-encuentro-de-archivos-de-artes-visuales-del-biobio-se-lleva-a-cabo-en-ghc\/","title":{"rendered":"V Encuentro de Archivos de Artes Visuales del Biob\u00edo se llev\u00f3 a cabo en GHC"},"content":{"rendered":"\n<p><em>El foco de este V encuentro estuvo en la reflexi\u00f3n y agencia de los archivos de arte y pr\u00e1cticas colaborativas a nivel nacional y latinoamericano<\/em><br><\/p>\n\n\n\n<p>Entre el martes 29 de julio y el 1 de agosto se desarrollaron los conversatorios y charlas a cargo de especialistas nacionales e internacionales.<\/p>\n\n\n\n<figure class=\"wp-block-gallery has-nested-images columns-default is-cropped wp-block-gallery-1 is-layout-flex wp-block-gallery-is-layout-flex\">\n<figure class=\"wp-block-image size-large\"><img fetchpriority=\"high\" decoding=\"async\" width=\"1024\" height=\"683\" data-id=\"4067\" src=\"https:\/\/www.ghconcepcion.cl\/wp-content\/uploads\/2025\/08\/1avbb-1024x683.jpg\" alt=\"\" class=\"wp-image-4067\" srcset=\"https:\/\/www.ghconcepcion.cl\/wp-content\/uploads\/2025\/08\/1avbb-1024x683.jpg 1024w, https:\/\/www.ghconcepcion.cl\/wp-content\/uploads\/2025\/08\/1avbb-400x267.jpg 400w, https:\/\/www.ghconcepcion.cl\/wp-content\/uploads\/2025\/08\/1avbb-768x512.jpg 768w, https:\/\/www.ghconcepcion.cl\/wp-content\/uploads\/2025\/08\/1avbb.jpg 1440w\" sizes=\"(max-width: 1024px) 100vw, 1024px\" \/><\/figure>\n\n\n\n<figure class=\"wp-block-image size-large\"><img decoding=\"async\" width=\"1024\" height=\"683\" data-id=\"4068\" src=\"https:\/\/www.ghconcepcion.cl\/wp-content\/uploads\/2025\/08\/2avbb-1024x683.jpg\" alt=\"\" class=\"wp-image-4068\" srcset=\"https:\/\/www.ghconcepcion.cl\/wp-content\/uploads\/2025\/08\/2avbb-1024x683.jpg 1024w, https:\/\/www.ghconcepcion.cl\/wp-content\/uploads\/2025\/08\/2avbb-400x267.jpg 400w, https:\/\/www.ghconcepcion.cl\/wp-content\/uploads\/2025\/08\/2avbb-768x513.jpg 768w, https:\/\/www.ghconcepcion.cl\/wp-content\/uploads\/2025\/08\/2avbb.jpg 1440w\" sizes=\"(max-width: 1024px) 100vw, 1024px\" \/><\/figure>\n\n\n\n<figure class=\"wp-block-image size-large\"><img decoding=\"async\" width=\"1024\" height=\"683\" data-id=\"4069\" src=\"https:\/\/www.ghconcepcion.cl\/wp-content\/uploads\/2025\/08\/3avbb-1024x683.jpg\" alt=\"\" class=\"wp-image-4069\" srcset=\"https:\/\/www.ghconcepcion.cl\/wp-content\/uploads\/2025\/08\/3avbb-1024x683.jpg 1024w, https:\/\/www.ghconcepcion.cl\/wp-content\/uploads\/2025\/08\/3avbb-400x267.jpg 400w, https:\/\/www.ghconcepcion.cl\/wp-content\/uploads\/2025\/08\/3avbb-768x513.jpg 768w, https:\/\/www.ghconcepcion.cl\/wp-content\/uploads\/2025\/08\/3avbb.jpg 1440w\" sizes=\"(max-width: 1024px) 100vw, 1024px\" \/><\/figure>\n<\/figure>\n\n\n\n<p>Las jornadas iniciaron el martes 29 con un conversatorio a cargo del equipo coordinador quienes presentaron los ejes de la nueva edici\u00f3n, reflexionando sobre los desaf\u00edos de construir archivos de artes desde lo colaborativo ligados al contexto sociopol\u00edtico de los territorios. Adem\u00e1s, se presentaron los resultados de los talleres \u201cMapeo regional de archivos de arte e interdisciplina\u201d guiado por Vania Caro y \u201crecolecci\u00f3n de fotograf\u00edas desde las memorias cotidianas de artistas locales\u201d facilitado por Sebasti\u00e1n Rivas durante julio como antesala al encuentro.<\/p>\n\n\n\n<figure class=\"wp-block-image size-large\"><img loading=\"lazy\" decoding=\"async\" width=\"1024\" height=\"683\" src=\"https:\/\/www.ghconcepcion.cl\/wp-content\/uploads\/2025\/08\/4-avbb-1024x683.jpg\" alt=\"\" class=\"wp-image-4070\" srcset=\"https:\/\/www.ghconcepcion.cl\/wp-content\/uploads\/2025\/08\/4-avbb-1024x683.jpg 1024w, https:\/\/www.ghconcepcion.cl\/wp-content\/uploads\/2025\/08\/4-avbb-400x267.jpg 400w, https:\/\/www.ghconcepcion.cl\/wp-content\/uploads\/2025\/08\/4-avbb-768x513.jpg 768w, https:\/\/www.ghconcepcion.cl\/wp-content\/uploads\/2025\/08\/4-avbb.jpg 1440w\" sizes=\"(max-width: 1024px) 100vw, 1024px\" \/><\/figure>\n\n\n\n<p>Los conversatorios estuvieron a cargo de diversos artistas locales que se reunieron para intercambiar conocimientos y referencias de sus documentos ya alojados en el Archivo AVBB. Los temas transversales fueron puestos en la investigaci\u00f3n art\u00edstica desde las pr\u00e1cticas de archivo colaborativas y el contexto sociopol\u00edtico. Participaron Anisell Esparza, Camila Olea, Carla Cimarrona, Cristi\u00e1n Rojas, Fabi\u00e1n Aguilera, Manuel Rivera, Sara Fuentes y Vairon Vidal. Los artistas y creadores\/as que son de distintas comunas de y provincias de la regi\u00f3n del Biob\u00edo presentaron sus documentos en diversos formatos desde la disciplina de las artes visuales e interdisciplina, tales como el grabado, escultura, performance, video, ilustraci\u00f3n, escritos experimentales, etc.<\/p>\n\n\n\n<figure class=\"wp-block-gallery has-nested-images columns-default is-cropped wp-block-gallery-2 is-layout-flex wp-block-gallery-is-layout-flex\">\n<figure class=\"wp-block-image size-large\"><img loading=\"lazy\" decoding=\"async\" width=\"1024\" height=\"683\" data-id=\"4071\" src=\"https:\/\/www.ghconcepcion.cl\/wp-content\/uploads\/2025\/08\/5avbb-1024x683.jpg\" alt=\"\" class=\"wp-image-4071\" srcset=\"https:\/\/www.ghconcepcion.cl\/wp-content\/uploads\/2025\/08\/5avbb-1024x683.jpg 1024w, https:\/\/www.ghconcepcion.cl\/wp-content\/uploads\/2025\/08\/5avbb-400x267.jpg 400w, https:\/\/www.ghconcepcion.cl\/wp-content\/uploads\/2025\/08\/5avbb-768x512.jpg 768w, https:\/\/www.ghconcepcion.cl\/wp-content\/uploads\/2025\/08\/5avbb.jpg 1440w\" sizes=\"(max-width: 1024px) 100vw, 1024px\" \/><\/figure>\n\n\n\n<figure class=\"wp-block-image size-large\"><img loading=\"lazy\" decoding=\"async\" width=\"1024\" height=\"683\" data-id=\"4072\" src=\"https:\/\/www.ghconcepcion.cl\/wp-content\/uploads\/2025\/08\/6avbb-1024x683.jpg\" alt=\"\" class=\"wp-image-4072\" srcset=\"https:\/\/www.ghconcepcion.cl\/wp-content\/uploads\/2025\/08\/6avbb-1024x683.jpg 1024w, https:\/\/www.ghconcepcion.cl\/wp-content\/uploads\/2025\/08\/6avbb-400x267.jpg 400w, https:\/\/www.ghconcepcion.cl\/wp-content\/uploads\/2025\/08\/6avbb-768x513.jpg 768w, https:\/\/www.ghconcepcion.cl\/wp-content\/uploads\/2025\/08\/6avbb.jpg 1440w\" sizes=\"(max-width: 1024px) 100vw, 1024px\" \/><\/figure>\n\n\n\n<figure class=\"wp-block-image size-large\"><img loading=\"lazy\" decoding=\"async\" width=\"1024\" height=\"683\" data-id=\"4074\" src=\"https:\/\/www.ghconcepcion.cl\/wp-content\/uploads\/2025\/08\/7avbb-1024x683.jpg\" alt=\"\" class=\"wp-image-4074\" srcset=\"https:\/\/www.ghconcepcion.cl\/wp-content\/uploads\/2025\/08\/7avbb-1024x683.jpg 1024w, https:\/\/www.ghconcepcion.cl\/wp-content\/uploads\/2025\/08\/7avbb-400x267.jpg 400w, https:\/\/www.ghconcepcion.cl\/wp-content\/uploads\/2025\/08\/7avbb-768x513.jpg 768w, https:\/\/www.ghconcepcion.cl\/wp-content\/uploads\/2025\/08\/7avbb.jpg 1440w\" sizes=\"(max-width: 1024px) 100vw, 1024px\" \/><\/figure>\n<\/figure>\n\n\n\n<p>Las charlas se desarrollaron con invitadas\/os internacionales y nacionales presentando diferentes experiencias de investigaci\u00f3n y trabajo colaborativo en torno a los archivos de arte. Participaron Ana Longoni desde Argentina quien present\u00f3 las pol\u00edticas de archivo de la Red Conceptualismos del Sur y el Archivo Romero por\/venir, por otro lado, Leslie Fern\u00e1ndez comparti\u00f3 una investigaci\u00f3n sobre la obra diseminada de Julio Esc\u00e1mez entre Chile y Costa Rica, mientras que Alejandro de la Fuente y Fernanda Carvajal dialogaron sobre el Archivo Yeguas del Apocalipsis alojado virtual y f\u00edsicamente en Santiago y Concepci\u00f3n. Desde el sur de Chile Nicole Aliste present\u00f3 antecedentes de las pr\u00e1cticas de archivo en La Araucan\u00eda\/Wallmapu y regiones vecinas, finalmente Gabriela Urrutia comparti\u00f3 las memorias de la revista Caballo de Proa desde Valdivia.<\/p>\n\n\n\n<figure class=\"wp-block-image size-large\"><img loading=\"lazy\" decoding=\"async\" width=\"1024\" height=\"683\" src=\"https:\/\/www.ghconcepcion.cl\/wp-content\/uploads\/2025\/08\/8avbb-1024x683.jpg\" alt=\"\" class=\"wp-image-4073\" srcset=\"https:\/\/www.ghconcepcion.cl\/wp-content\/uploads\/2025\/08\/8avbb-1024x683.jpg 1024w, https:\/\/www.ghconcepcion.cl\/wp-content\/uploads\/2025\/08\/8avbb-400x267.jpg 400w, https:\/\/www.ghconcepcion.cl\/wp-content\/uploads\/2025\/08\/8avbb-768x513.jpg 768w, https:\/\/www.ghconcepcion.cl\/wp-content\/uploads\/2025\/08\/8avbb.jpg 1440w\" sizes=\"(max-width: 1024px) 100vw, 1024px\" \/><\/figure>\n\n\n\n<p>Registro fotogr\u00e1fico: Mariana Soledad<\/p>\n\n\n\n<p><\/p>\n","protected":false},"excerpt":{"rendered":"<p>El foco de este V encuentro estuvo en la reflexi\u00f3n y agencia de los archivos de arte y pr\u00e1cticas colaborativas a nivel nacional y latinoamericano Entre el martes 29 de julio y el 1 de agosto se desarrollaron los conversatorios y charlas a cargo de especialistas nacionales e internacionales. Las jornadas iniciaron el martes 29 [&hellip;]<\/p>\n","protected":false},"author":3,"featured_media":4067,"comment_status":"closed","ping_status":"closed","sticky":false,"template":"","format":"standard","meta":{"footnotes":""},"categories":[8],"tags":[],"class_list":["post-4066","post","type-post","status-publish","format-standard","has-post-thumbnail","hentry","category-galeria-de-la-historia"],"_links":{"self":[{"href":"https:\/\/www.ghconcepcion.cl\/index.php\/wp-json\/wp\/v2\/posts\/4066","targetHints":{"allow":["GET"]}}],"collection":[{"href":"https:\/\/www.ghconcepcion.cl\/index.php\/wp-json\/wp\/v2\/posts"}],"about":[{"href":"https:\/\/www.ghconcepcion.cl\/index.php\/wp-json\/wp\/v2\/types\/post"}],"author":[{"embeddable":true,"href":"https:\/\/www.ghconcepcion.cl\/index.php\/wp-json\/wp\/v2\/users\/3"}],"replies":[{"embeddable":true,"href":"https:\/\/www.ghconcepcion.cl\/index.php\/wp-json\/wp\/v2\/comments?post=4066"}],"version-history":[{"count":2,"href":"https:\/\/www.ghconcepcion.cl\/index.php\/wp-json\/wp\/v2\/posts\/4066\/revisions"}],"predecessor-version":[{"id":4076,"href":"https:\/\/www.ghconcepcion.cl\/index.php\/wp-json\/wp\/v2\/posts\/4066\/revisions\/4076"}],"wp:featuredmedia":[{"embeddable":true,"href":"https:\/\/www.ghconcepcion.cl\/index.php\/wp-json\/wp\/v2\/media\/4067"}],"wp:attachment":[{"href":"https:\/\/www.ghconcepcion.cl\/index.php\/wp-json\/wp\/v2\/media?parent=4066"}],"wp:term":[{"taxonomy":"category","embeddable":true,"href":"https:\/\/www.ghconcepcion.cl\/index.php\/wp-json\/wp\/v2\/categories?post=4066"},{"taxonomy":"post_tag","embeddable":true,"href":"https:\/\/www.ghconcepcion.cl\/index.php\/wp-json\/wp\/v2\/tags?post=4066"}],"curies":[{"name":"wp","href":"https:\/\/api.w.org\/{rel}","templated":true}]}}