{"id":4078,"date":"2025-08-19T15:11:58","date_gmt":"2025-08-19T15:11:58","guid":{"rendered":"https:\/\/www.ghconcepcion.cl\/?p=4078"},"modified":"2025-08-19T15:12:00","modified_gmt":"2025-08-19T15:12:00","slug":"ruta-historica-concepcion-en-foco-una-mirada-al-patrimonio-urbano-a-traves-de-la-fotografia","status":"publish","type":"post","link":"https:\/\/www.ghconcepcion.cl\/index.php\/2025\/08\/19\/ruta-historica-concepcion-en-foco-una-mirada-al-patrimonio-urbano-a-traves-de-la-fotografia\/","title":{"rendered":"Ruta Hist\u00f3rica \u00abConcepci\u00f3n en Foco\u00bb: Una mirada al patrimonio urbano a trav\u00e9s de la fotograf\u00eda"},"content":{"rendered":"\n<p>En el marco del Mes de la Fotograf\u00eda, la Direcci\u00f3n de Cultura de la Universidad Cat\u00f3lica de la Sant\u00edsima Concepci\u00f3n (UCSC) en conjunto con el Museo Galer\u00eda de la Historia de Concepci\u00f3n, organizaron la ruta hist\u00f3rica \u00abConcepci\u00f3n en Foco: Memoria urbana a trav\u00e9s de la fotograf\u00eda\u00bb, una actividad abierta a la comunidad que invit\u00f3 a recorrer el centro de la ciudad con una nueva mirada: la del lente fotogr\u00e1fico. El objetivo de esta actividad fue comprender y valorar el patrimonio hist\u00f3rico del casco urbano de Concepci\u00f3n, registrando sus hitos arquitect\u00f3nicos y simb\u00f3licos a trav\u00e9s de c\u00e1maras y celulares.<\/p>\n\n\n\n<figure class=\"wp-block-gallery has-nested-images columns-default is-cropped wp-block-gallery-1 is-layout-flex wp-block-gallery-is-layout-flex\">\n<figure class=\"wp-block-image size-large\"><img fetchpriority=\"high\" decoding=\"async\" width=\"1024\" height=\"576\" data-id=\"4091\" src=\"https:\/\/www.ghconcepcion.cl\/wp-content\/uploads\/2025\/08\/WhatsApp-Image-2025-08-19-at-11.00.30-1024x576.jpeg\" alt=\"\" class=\"wp-image-4091\" srcset=\"https:\/\/www.ghconcepcion.cl\/wp-content\/uploads\/2025\/08\/WhatsApp-Image-2025-08-19-at-11.00.30-1024x576.jpeg 1024w, https:\/\/www.ghconcepcion.cl\/wp-content\/uploads\/2025\/08\/WhatsApp-Image-2025-08-19-at-11.00.30-400x225.jpeg 400w, https:\/\/www.ghconcepcion.cl\/wp-content\/uploads\/2025\/08\/WhatsApp-Image-2025-08-19-at-11.00.30-768x432.jpeg 768w, https:\/\/www.ghconcepcion.cl\/wp-content\/uploads\/2025\/08\/WhatsApp-Image-2025-08-19-at-11.00.30.jpeg 1280w\" sizes=\"(max-width: 1024px) 100vw, 1024px\" \/><\/figure>\n\n\n\n<figure class=\"wp-block-image size-large\"><img decoding=\"async\" width=\"1024\" height=\"576\" data-id=\"4082\" src=\"https:\/\/www.ghconcepcion.cl\/wp-content\/uploads\/2025\/08\/WhatsApp-Image-2025-08-19-at-11.00.27-1024x576.jpeg\" alt=\"\" class=\"wp-image-4082\" srcset=\"https:\/\/www.ghconcepcion.cl\/wp-content\/uploads\/2025\/08\/WhatsApp-Image-2025-08-19-at-11.00.27-1024x576.jpeg 1024w, https:\/\/www.ghconcepcion.cl\/wp-content\/uploads\/2025\/08\/WhatsApp-Image-2025-08-19-at-11.00.27-400x225.jpeg 400w, https:\/\/www.ghconcepcion.cl\/wp-content\/uploads\/2025\/08\/WhatsApp-Image-2025-08-19-at-11.00.27-768x432.jpeg 768w, https:\/\/www.ghconcepcion.cl\/wp-content\/uploads\/2025\/08\/WhatsApp-Image-2025-08-19-at-11.00.27.jpeg 1280w\" sizes=\"(max-width: 1024px) 100vw, 1024px\" \/><\/figure>\n<\/figure>\n\n\n\n<figure class=\"wp-block-image size-large\"><img decoding=\"async\" width=\"1024\" height=\"576\" src=\"https:\/\/www.ghconcepcion.cl\/wp-content\/uploads\/2025\/08\/WhatsApp-Image-2025-08-19-at-11.00.28-1024x576.jpeg\" alt=\"\" class=\"wp-image-4093\" srcset=\"https:\/\/www.ghconcepcion.cl\/wp-content\/uploads\/2025\/08\/WhatsApp-Image-2025-08-19-at-11.00.28-1024x576.jpeg 1024w, https:\/\/www.ghconcepcion.cl\/wp-content\/uploads\/2025\/08\/WhatsApp-Image-2025-08-19-at-11.00.28-400x225.jpeg 400w, https:\/\/www.ghconcepcion.cl\/wp-content\/uploads\/2025\/08\/WhatsApp-Image-2025-08-19-at-11.00.28-768x432.jpeg 768w, https:\/\/www.ghconcepcion.cl\/wp-content\/uploads\/2025\/08\/WhatsApp-Image-2025-08-19-at-11.00.28.jpeg 1280w\" sizes=\"(max-width: 1024px) 100vw, 1024px\" \/><\/figure>\n\n\n\n<p>La ruta comenz\u00f3 en la Plaza de la Independencia, punto neur\u00e1lgico de la ciudad, donde los asistentes pudieron conocer la historia de la escultura de Lautaro, figura emblem\u00e1tica de la resistencia mapuche en el periodo de la ocupaci\u00f3n espa\u00f1ola. Se abord\u00f3 tambi\u00e9n la importancia de la pileta central, destacando la representaci\u00f3n de la diosa Ceres, s\u00edmbolo de la agricultura y la abundancia, cuya presencia en este espacio alude a la fertilidad de la tierra y al v\u00ednculo entre naturaleza y ciudad.<\/p>\n\n\n\n<figure class=\"wp-block-image size-large\"><img loading=\"lazy\" decoding=\"async\" width=\"1024\" height=\"576\" src=\"https:\/\/www.ghconcepcion.cl\/wp-content\/uploads\/2025\/08\/WhatsApp-Image-2025-08-19-at-11.00.26-2-1024x576.jpeg\" alt=\"\" class=\"wp-image-4081\" srcset=\"https:\/\/www.ghconcepcion.cl\/wp-content\/uploads\/2025\/08\/WhatsApp-Image-2025-08-19-at-11.00.26-2-1024x576.jpeg 1024w, https:\/\/www.ghconcepcion.cl\/wp-content\/uploads\/2025\/08\/WhatsApp-Image-2025-08-19-at-11.00.26-2-400x225.jpeg 400w, https:\/\/www.ghconcepcion.cl\/wp-content\/uploads\/2025\/08\/WhatsApp-Image-2025-08-19-at-11.00.26-2-768x432.jpeg 768w, https:\/\/www.ghconcepcion.cl\/wp-content\/uploads\/2025\/08\/WhatsApp-Image-2025-08-19-at-11.00.26-2.jpeg 1280w\" sizes=\"(max-width: 1024px) 100vw, 1024px\" \/><\/figure>\n\n\n\n<figure class=\"wp-block-gallery has-nested-images columns-default is-cropped wp-block-gallery-2 is-layout-flex wp-block-gallery-is-layout-flex\">\n<figure class=\"wp-block-image size-large\"><img loading=\"lazy\" decoding=\"async\" width=\"1024\" height=\"576\" data-id=\"4079\" src=\"https:\/\/www.ghconcepcion.cl\/wp-content\/uploads\/2025\/08\/WhatsApp-Image-2025-08-19-at-11.00.26-1024x576.jpeg\" alt=\"\" class=\"wp-image-4079\" srcset=\"https:\/\/www.ghconcepcion.cl\/wp-content\/uploads\/2025\/08\/WhatsApp-Image-2025-08-19-at-11.00.26-1024x576.jpeg 1024w, https:\/\/www.ghconcepcion.cl\/wp-content\/uploads\/2025\/08\/WhatsApp-Image-2025-08-19-at-11.00.26-400x225.jpeg 400w, https:\/\/www.ghconcepcion.cl\/wp-content\/uploads\/2025\/08\/WhatsApp-Image-2025-08-19-at-11.00.26-768x432.jpeg 768w, https:\/\/www.ghconcepcion.cl\/wp-content\/uploads\/2025\/08\/WhatsApp-Image-2025-08-19-at-11.00.26.jpeg 1280w\" sizes=\"(max-width: 1024px) 100vw, 1024px\" \/><\/figure>\n\n\n\n<figure class=\"wp-block-image size-large\"><img loading=\"lazy\" decoding=\"async\" width=\"1024\" height=\"576\" data-id=\"4092\" src=\"https:\/\/www.ghconcepcion.cl\/wp-content\/uploads\/2025\/08\/WhatsApp-Image-2025-08-19-at-11.00.25-1-1024x576.jpeg\" alt=\"\" class=\"wp-image-4092\" srcset=\"https:\/\/www.ghconcepcion.cl\/wp-content\/uploads\/2025\/08\/WhatsApp-Image-2025-08-19-at-11.00.25-1-1024x576.jpeg 1024w, https:\/\/www.ghconcepcion.cl\/wp-content\/uploads\/2025\/08\/WhatsApp-Image-2025-08-19-at-11.00.25-1-400x225.jpeg 400w, https:\/\/www.ghconcepcion.cl\/wp-content\/uploads\/2025\/08\/WhatsApp-Image-2025-08-19-at-11.00.25-1-768x432.jpeg 768w, https:\/\/www.ghconcepcion.cl\/wp-content\/uploads\/2025\/08\/WhatsApp-Image-2025-08-19-at-11.00.25-1.jpeg 1280w\" sizes=\"(max-width: 1024px) 100vw, 1024px\" \/><\/figure>\n<\/figure>\n\n\n\n<p>Desde ah\u00ed, el grupo se dirigi\u00f3 al frontis de la Catedral de Concepci\u00f3n, donde se convers\u00f3 sobre su arquitectura contempor\u00e1nea, resultado de la reconstrucci\u00f3n posterior al terremoto y su rol como \u00edcono religioso y cultural en la vida penquista. El recorrido continu\u00f3 por calle Cochrane hasta llegar al hist\u00f3rico Liceo Comercial Enrique Oyarz\u00fan Mondaca, instituci\u00f3n educativa con una rica tradici\u00f3n en la formaci\u00f3n t\u00e9cnico-profesional de la regi\u00f3n. Aqu\u00ed se destac\u00f3 el uso de la tesela, peque\u00f1os mosaicos cer\u00e1micos que decoran fachadas de diversos edificios en el centro de la ciudad, reflejo de una identidad visual propia del Concepci\u00f3n moderno.<\/p>\n\n\n\n<figure class=\"wp-block-image size-large\"><img loading=\"lazy\" decoding=\"async\" width=\"1024\" height=\"576\" src=\"https:\/\/www.ghconcepcion.cl\/wp-content\/uploads\/2025\/08\/WhatsApp-Image-2025-08-19-at-11.00.25-1024x576.jpeg\" alt=\"\" class=\"wp-image-4083\" srcset=\"https:\/\/www.ghconcepcion.cl\/wp-content\/uploads\/2025\/08\/WhatsApp-Image-2025-08-19-at-11.00.25-1024x576.jpeg 1024w, https:\/\/www.ghconcepcion.cl\/wp-content\/uploads\/2025\/08\/WhatsApp-Image-2025-08-19-at-11.00.25-400x225.jpeg 400w, https:\/\/www.ghconcepcion.cl\/wp-content\/uploads\/2025\/08\/WhatsApp-Image-2025-08-19-at-11.00.25-768x432.jpeg 768w, https:\/\/www.ghconcepcion.cl\/wp-content\/uploads\/2025\/08\/WhatsApp-Image-2025-08-19-at-11.00.25.jpeg 1280w\" sizes=\"(max-width: 1024px) 100vw, 1024px\" \/><\/figure>\n\n\n\n<figure class=\"wp-block-image size-large\"><img loading=\"lazy\" decoding=\"async\" width=\"1024\" height=\"576\" src=\"https:\/\/www.ghconcepcion.cl\/wp-content\/uploads\/2025\/08\/WhatsApp-Image-2025-08-19-at-11.00.22-2-1-1024x576.jpeg\" alt=\"\" class=\"wp-image-4094\" srcset=\"https:\/\/www.ghconcepcion.cl\/wp-content\/uploads\/2025\/08\/WhatsApp-Image-2025-08-19-at-11.00.22-2-1-1024x576.jpeg 1024w, https:\/\/www.ghconcepcion.cl\/wp-content\/uploads\/2025\/08\/WhatsApp-Image-2025-08-19-at-11.00.22-2-1-400x225.jpeg 400w, https:\/\/www.ghconcepcion.cl\/wp-content\/uploads\/2025\/08\/WhatsApp-Image-2025-08-19-at-11.00.22-2-1-768x432.jpeg 768w, https:\/\/www.ghconcepcion.cl\/wp-content\/uploads\/2025\/08\/WhatsApp-Image-2025-08-19-at-11.00.22-2-1.jpeg 1280w\" sizes=\"(max-width: 1024px) 100vw, 1024px\" \/><\/figure>\n\n\n\n<p>M\u00e1s adelante, en el Parque Ecuador, la ruta permiti\u00f3 ver puntos claves como el Liceo de Hombres de Concepci\u00f3n, el Teatro Enrique Molina y la Biblioteca Municipal, todos ellos espacios vinculados al desarrollo intelectual y cultural de la ciudad. La jornada concluy\u00f3 frente a la escultura de Juan Mart\u00ednez de Rozas, pr\u00f3cer de la independencia chilena y figura esencial en la historia nacional y local.<\/p>\n\n\n\n<figure class=\"wp-block-gallery has-nested-images columns-default is-cropped wp-block-gallery-3 is-layout-flex wp-block-gallery-is-layout-flex\"><\/figure>\n\n\n\n<figure class=\"wp-block-gallery has-nested-images columns-default is-cropped wp-block-gallery-4 is-layout-flex wp-block-gallery-is-layout-flex\">\n<figure class=\"wp-block-image size-large\"><img loading=\"lazy\" decoding=\"async\" width=\"1024\" height=\"576\" data-id=\"4088\" src=\"https:\/\/www.ghconcepcion.cl\/wp-content\/uploads\/2025\/08\/WhatsApp-Image-2025-08-19-at-11.00.22-1-1-1024x576.jpeg\" alt=\"\" class=\"wp-image-4088\" srcset=\"https:\/\/www.ghconcepcion.cl\/wp-content\/uploads\/2025\/08\/WhatsApp-Image-2025-08-19-at-11.00.22-1-1-1024x576.jpeg 1024w, https:\/\/www.ghconcepcion.cl\/wp-content\/uploads\/2025\/08\/WhatsApp-Image-2025-08-19-at-11.00.22-1-1-400x225.jpeg 400w, https:\/\/www.ghconcepcion.cl\/wp-content\/uploads\/2025\/08\/WhatsApp-Image-2025-08-19-at-11.00.22-1-1-768x432.jpeg 768w, https:\/\/www.ghconcepcion.cl\/wp-content\/uploads\/2025\/08\/WhatsApp-Image-2025-08-19-at-11.00.22-1-1.jpeg 1280w\" sizes=\"(max-width: 1024px) 100vw, 1024px\" \/><\/figure>\n\n\n\n<figure class=\"wp-block-image size-large\"><img loading=\"lazy\" decoding=\"async\" width=\"1024\" height=\"576\" data-id=\"4089\" src=\"https:\/\/www.ghconcepcion.cl\/wp-content\/uploads\/2025\/08\/WhatsApp-Image-2025-08-19-at-11.00.22-2-1024x576.jpeg\" alt=\"\" class=\"wp-image-4089\" srcset=\"https:\/\/www.ghconcepcion.cl\/wp-content\/uploads\/2025\/08\/WhatsApp-Image-2025-08-19-at-11.00.22-2-1024x576.jpeg 1024w, https:\/\/www.ghconcepcion.cl\/wp-content\/uploads\/2025\/08\/WhatsApp-Image-2025-08-19-at-11.00.22-2-400x225.jpeg 400w, https:\/\/www.ghconcepcion.cl\/wp-content\/uploads\/2025\/08\/WhatsApp-Image-2025-08-19-at-11.00.22-2-768x432.jpeg 768w, https:\/\/www.ghconcepcion.cl\/wp-content\/uploads\/2025\/08\/WhatsApp-Image-2025-08-19-at-11.00.22-2.jpeg 1280w\" sizes=\"(max-width: 1024px) 100vw, 1024px\" \/><\/figure>\n<\/figure>\n\n\n\n<figure class=\"wp-block-image size-large\"><img loading=\"lazy\" decoding=\"async\" width=\"1024\" height=\"576\" src=\"https:\/\/www.ghconcepcion.cl\/wp-content\/uploads\/2025\/08\/WhatsApp-Image-2025-08-19-at-11.00.21-2-1024x576.jpeg\" alt=\"\" class=\"wp-image-4090\" srcset=\"https:\/\/www.ghconcepcion.cl\/wp-content\/uploads\/2025\/08\/WhatsApp-Image-2025-08-19-at-11.00.21-2-1024x576.jpeg 1024w, https:\/\/www.ghconcepcion.cl\/wp-content\/uploads\/2025\/08\/WhatsApp-Image-2025-08-19-at-11.00.21-2-400x225.jpeg 400w, https:\/\/www.ghconcepcion.cl\/wp-content\/uploads\/2025\/08\/WhatsApp-Image-2025-08-19-at-11.00.21-2-768x432.jpeg 768w, https:\/\/www.ghconcepcion.cl\/wp-content\/uploads\/2025\/08\/WhatsApp-Image-2025-08-19-at-11.00.21-2.jpeg 1280w\" sizes=\"(max-width: 1024px) 100vw, 1024px\" \/><\/figure>\n\n\n\n<p>\u00abConcepci\u00f3n en Foco\u00bb fue m\u00e1s que un paseo urbano: se trat\u00f3 de un ejercicio colectivo de reconocimiento, reflexi\u00f3n y apropiaci\u00f3n del espacio p\u00fablico, donde la fotograf\u00eda sirvi\u00f3 como medio de expresi\u00f3n y testimonio.<\/p>\n\n\n\n<figure class=\"wp-block-gallery has-nested-images columns-default is-cropped wp-block-gallery-5 is-layout-flex wp-block-gallery-is-layout-flex\"><\/figure>\n","protected":false},"excerpt":{"rendered":"<p>En el marco del Mes de la Fotograf\u00eda, la Direcci\u00f3n de Cultura de la Universidad Cat\u00f3lica de la Sant\u00edsima Concepci\u00f3n (UCSC) en conjunto con el Museo Galer\u00eda de la Historia de Concepci\u00f3n, organizaron la ruta hist\u00f3rica \u00abConcepci\u00f3n en Foco: Memoria urbana a trav\u00e9s de la fotograf\u00eda\u00bb, una actividad abierta a la comunidad que invit\u00f3 a [&hellip;]<\/p>\n","protected":false},"author":3,"featured_media":4090,"comment_status":"closed","ping_status":"closed","sticky":false,"template":"","format":"standard","meta":{"footnotes":""},"categories":[8],"tags":[],"class_list":["post-4078","post","type-post","status-publish","format-standard","has-post-thumbnail","hentry","category-galeria-de-la-historia"],"_links":{"self":[{"href":"https:\/\/www.ghconcepcion.cl\/index.php\/wp-json\/wp\/v2\/posts\/4078","targetHints":{"allow":["GET"]}}],"collection":[{"href":"https:\/\/www.ghconcepcion.cl\/index.php\/wp-json\/wp\/v2\/posts"}],"about":[{"href":"https:\/\/www.ghconcepcion.cl\/index.php\/wp-json\/wp\/v2\/types\/post"}],"author":[{"embeddable":true,"href":"https:\/\/www.ghconcepcion.cl\/index.php\/wp-json\/wp\/v2\/users\/3"}],"replies":[{"embeddable":true,"href":"https:\/\/www.ghconcepcion.cl\/index.php\/wp-json\/wp\/v2\/comments?post=4078"}],"version-history":[{"count":1,"href":"https:\/\/www.ghconcepcion.cl\/index.php\/wp-json\/wp\/v2\/posts\/4078\/revisions"}],"predecessor-version":[{"id":4095,"href":"https:\/\/www.ghconcepcion.cl\/index.php\/wp-json\/wp\/v2\/posts\/4078\/revisions\/4095"}],"wp:featuredmedia":[{"embeddable":true,"href":"https:\/\/www.ghconcepcion.cl\/index.php\/wp-json\/wp\/v2\/media\/4090"}],"wp:attachment":[{"href":"https:\/\/www.ghconcepcion.cl\/index.php\/wp-json\/wp\/v2\/media?parent=4078"}],"wp:term":[{"taxonomy":"category","embeddable":true,"href":"https:\/\/www.ghconcepcion.cl\/index.php\/wp-json\/wp\/v2\/categories?post=4078"},{"taxonomy":"post_tag","embeddable":true,"href":"https:\/\/www.ghconcepcion.cl\/index.php\/wp-json\/wp\/v2\/tags?post=4078"}],"curies":[{"name":"wp","href":"https:\/\/api.w.org\/{rel}","templated":true}]}}