{"id":4098,"date":"2025-08-25T18:03:38","date_gmt":"2025-08-25T18:03:38","guid":{"rendered":"https:\/\/www.ghconcepcion.cl\/?p=4098"},"modified":"2025-08-25T18:03:41","modified_gmt":"2025-08-25T18:03:41","slug":"galeria-de-la-historia-de-concepcion-se-suma-al-dia-de-los-patrimonios-para-ninos-ninas-y-adolescentes","status":"publish","type":"post","link":"https:\/\/www.ghconcepcion.cl\/index.php\/2025\/08\/25\/galeria-de-la-historia-de-concepcion-se-suma-al-dia-de-los-patrimonios-para-ninos-ninas-y-adolescentes\/","title":{"rendered":"Galer\u00eda de la Historia de Concepci\u00f3n se suma al D\u00eda de los Patrimonios para Ni\u00f1os, Ni\u00f1as y Adolescentes"},"content":{"rendered":"\n<p>Este fin de semana, cientos de espacios culturales a lo largo de Chile abrieron sus puertas para conmemorar el D\u00eda de los Patrimonios de Ni\u00f1os, Ni\u00f1as y Adolescentes, una iniciativa nacional impulsada por el Ministerio de las Culturas, las Artes y el Patrimonio que busca acercar a las nuevas generaciones al valor del patrimonio cultural, hist\u00f3rico y natural del pa\u00eds.<\/p>\n\n\n\n<figure class=\"wp-block-gallery has-nested-images columns-default is-cropped wp-block-gallery-1 is-layout-flex wp-block-gallery-is-layout-flex\">\n<figure class=\"wp-block-image size-large\"><img fetchpriority=\"high\" decoding=\"async\" width=\"768\" height=\"1024\" data-id=\"4124\" src=\"https:\/\/www.ghconcepcion.cl\/wp-content\/uploads\/2025\/08\/WhatsApp-Image-2025-08-25-at-13.53.50-1-1-768x1024.jpeg\" alt=\"\" class=\"wp-image-4124\" srcset=\"https:\/\/www.ghconcepcion.cl\/wp-content\/uploads\/2025\/08\/WhatsApp-Image-2025-08-25-at-13.53.50-1-1-768x1024.jpeg 768w, https:\/\/www.ghconcepcion.cl\/wp-content\/uploads\/2025\/08\/WhatsApp-Image-2025-08-25-at-13.53.50-1-1-300x400.jpeg 300w, https:\/\/www.ghconcepcion.cl\/wp-content\/uploads\/2025\/08\/WhatsApp-Image-2025-08-25-at-13.53.50-1-1.jpeg 960w\" sizes=\"(max-width: 768px) 100vw, 768px\" \/><\/figure>\n\n\n\n<figure class=\"wp-block-image size-large\"><img decoding=\"async\" width=\"768\" height=\"1024\" data-id=\"4123\" src=\"https:\/\/www.ghconcepcion.cl\/wp-content\/uploads\/2025\/08\/WhatsApp-Image-2025-08-25-at-13.53.50-2-768x1024.jpeg\" alt=\"\" class=\"wp-image-4123\" srcset=\"https:\/\/www.ghconcepcion.cl\/wp-content\/uploads\/2025\/08\/WhatsApp-Image-2025-08-25-at-13.53.50-2-768x1024.jpeg 768w, https:\/\/www.ghconcepcion.cl\/wp-content\/uploads\/2025\/08\/WhatsApp-Image-2025-08-25-at-13.53.50-2-300x400.jpeg 300w, https:\/\/www.ghconcepcion.cl\/wp-content\/uploads\/2025\/08\/WhatsApp-Image-2025-08-25-at-13.53.50-2.jpeg 960w\" sizes=\"(max-width: 768px) 100vw, 768px\" \/><\/figure>\n<\/figure>\n\n\n\n<p><br>Esta celebraci\u00f3n, que tiene lugar cada a\u00f1o durante el mes de agosto, forma parte de una estrategia de educaci\u00f3n patrimonial que promueve la participaci\u00f3n activa de ni\u00f1os, ni\u00f1as y j\u00f3venes en la construcci\u00f3n de una identidad cultural diversa e inclusiva. Museos, bibliotecas, centros culturales y espacios al aire libre ofrecieron una programaci\u00f3n especialmente pensada para los m\u00e1s j\u00f3venes, integrando actividades l\u00fadicas, recorridos guiados, talleres y presentaciones art\u00edsticas.<\/p>\n\n\n\n<p><br>Galer\u00eda de la Historia de Concepci\u00f3n se sum\u00f3 a esta celebraci\u00f3n con una jornada cargada de historia, naturaleza y recreaci\u00f3n, logrando convocar a numerosas familias y estudiantes de la zona.<br>Durante la ma\u00f1ana, a las 11:00 horas, se realiz\u00f3 la actividad \u00abRuta patrimonial Parque Ecuador: historia y paisajismo\u00bb, un recorrido guiado por uno de los espacios m\u00e1s emblem\u00e1ticos de la ciudad. A trav\u00e9s de esta ruta, los pudieron conocer la evoluci\u00f3n del parque, su importancia en el desarrollo urbano y social de Concepci\u00f3n, as\u00ed como los elementos paisaj\u00edsticos que lo convierten en un punto clave del patrimonio natural de la ciudad. Culminando con la visita a la S\u00e9ptima Compa\u00f1\u00eda de Bomberos, vecinos del Museo, instancia en que pudieron conversar sobre su historia y proyecciones.<\/p>\n\n\n\n<figure class=\"wp-block-image size-large\"><img decoding=\"async\" width=\"1024\" height=\"768\" src=\"https:\/\/www.ghconcepcion.cl\/wp-content\/uploads\/2025\/08\/WhatsApp-Image-2025-08-25-at-13.59.21-2-1-1024x768.jpeg\" alt=\"\" class=\"wp-image-4131\" srcset=\"https:\/\/www.ghconcepcion.cl\/wp-content\/uploads\/2025\/08\/WhatsApp-Image-2025-08-25-at-13.59.21-2-1-1024x768.jpeg 1024w, https:\/\/www.ghconcepcion.cl\/wp-content\/uploads\/2025\/08\/WhatsApp-Image-2025-08-25-at-13.59.21-2-1-400x300.jpeg 400w, https:\/\/www.ghconcepcion.cl\/wp-content\/uploads\/2025\/08\/WhatsApp-Image-2025-08-25-at-13.59.21-2-1-768x576.jpeg 768w, https:\/\/www.ghconcepcion.cl\/wp-content\/uploads\/2025\/08\/WhatsApp-Image-2025-08-25-at-13.59.21-2-1-1536x1152.jpeg 1536w, https:\/\/www.ghconcepcion.cl\/wp-content\/uploads\/2025\/08\/WhatsApp-Image-2025-08-25-at-13.59.21-2-1-2048x1536.jpeg 2048w\" sizes=\"(max-width: 1024px) 100vw, 1024px\" \/><\/figure>\n\n\n\n<figure class=\"wp-block-gallery has-nested-images columns-default is-cropped wp-block-gallery-2 is-layout-flex wp-block-gallery-is-layout-flex\">\n<figure class=\"wp-block-image size-large\"><img loading=\"lazy\" decoding=\"async\" width=\"1024\" height=\"899\" data-id=\"4133\" src=\"https:\/\/www.ghconcepcion.cl\/wp-content\/uploads\/2025\/08\/WhatsApp-Image-2025-08-25-at-13.59.21-1-2-1024x899.jpeg\" alt=\"\" class=\"wp-image-4133\" srcset=\"https:\/\/www.ghconcepcion.cl\/wp-content\/uploads\/2025\/08\/WhatsApp-Image-2025-08-25-at-13.59.21-1-2-1024x899.jpeg 1024w, https:\/\/www.ghconcepcion.cl\/wp-content\/uploads\/2025\/08\/WhatsApp-Image-2025-08-25-at-13.59.21-1-2-400x351.jpeg 400w, https:\/\/www.ghconcepcion.cl\/wp-content\/uploads\/2025\/08\/WhatsApp-Image-2025-08-25-at-13.59.21-1-2-768x674.jpeg 768w, https:\/\/www.ghconcepcion.cl\/wp-content\/uploads\/2025\/08\/WhatsApp-Image-2025-08-25-at-13.59.21-1-2-1536x1348.jpeg 1536w, https:\/\/www.ghconcepcion.cl\/wp-content\/uploads\/2025\/08\/WhatsApp-Image-2025-08-25-at-13.59.21-1-2.jpeg 1600w\" sizes=\"(max-width: 1024px) 100vw, 1024px\" \/><\/figure>\n\n\n\n<figure class=\"wp-block-image size-large\"><img loading=\"lazy\" decoding=\"async\" width=\"1024\" height=\"768\" data-id=\"4135\" src=\"https:\/\/www.ghconcepcion.cl\/wp-content\/uploads\/2025\/08\/WhatsApp-Image-2025-08-25-at-13.59.21-3-1024x768.jpeg\" alt=\"\" class=\"wp-image-4135\" srcset=\"https:\/\/www.ghconcepcion.cl\/wp-content\/uploads\/2025\/08\/WhatsApp-Image-2025-08-25-at-13.59.21-3-1024x768.jpeg 1024w, https:\/\/www.ghconcepcion.cl\/wp-content\/uploads\/2025\/08\/WhatsApp-Image-2025-08-25-at-13.59.21-3-400x300.jpeg 400w, https:\/\/www.ghconcepcion.cl\/wp-content\/uploads\/2025\/08\/WhatsApp-Image-2025-08-25-at-13.59.21-3-768x576.jpeg 768w, https:\/\/www.ghconcepcion.cl\/wp-content\/uploads\/2025\/08\/WhatsApp-Image-2025-08-25-at-13.59.21-3-1536x1152.jpeg 1536w, https:\/\/www.ghconcepcion.cl\/wp-content\/uploads\/2025\/08\/WhatsApp-Image-2025-08-25-at-13.59.21-3-2048x1536.jpeg 2048w\" sizes=\"(max-width: 1024px) 100vw, 1024px\" \/><\/figure>\n\n\n\n<figure class=\"wp-block-image size-large\"><img loading=\"lazy\" decoding=\"async\" width=\"1024\" height=\"768\" data-id=\"4134\" src=\"https:\/\/www.ghconcepcion.cl\/wp-content\/uploads\/2025\/08\/WhatsApp-Image-2025-08-25-at-13.59.22-1-1024x768.jpeg\" alt=\"\" class=\"wp-image-4134\" srcset=\"https:\/\/www.ghconcepcion.cl\/wp-content\/uploads\/2025\/08\/WhatsApp-Image-2025-08-25-at-13.59.22-1-1024x768.jpeg 1024w, https:\/\/www.ghconcepcion.cl\/wp-content\/uploads\/2025\/08\/WhatsApp-Image-2025-08-25-at-13.59.22-1-400x300.jpeg 400w, https:\/\/www.ghconcepcion.cl\/wp-content\/uploads\/2025\/08\/WhatsApp-Image-2025-08-25-at-13.59.22-1-768x576.jpeg 768w, https:\/\/www.ghconcepcion.cl\/wp-content\/uploads\/2025\/08\/WhatsApp-Image-2025-08-25-at-13.59.22-1-1536x1152.jpeg 1536w, https:\/\/www.ghconcepcion.cl\/wp-content\/uploads\/2025\/08\/WhatsApp-Image-2025-08-25-at-13.59.22-1-2048x1536.jpeg 2048w\" sizes=\"(max-width: 1024px) 100vw, 1024px\" \/><\/figure>\n<\/figure>\n\n\n\n<p><br>La jornada continu\u00f3 por la tarde, a las 16:00 horas, con una representaci\u00f3n hist\u00f3rica sobre la Independencia de Chile, a cargo de la agrupaci\u00f3n hist\u00f3rica Frontera del Biob\u00edo. Esta puesta en escena, realizada Plaza de la Historia de la Galer\u00eda, revivi\u00f3 momentos clave del proceso independentista nacional, con trajes de \u00e9poca, relatos y mediaciones que transportaron al p\u00fablico al siglo XIX. La actividad fue ampliamente valorada por su car\u00e1cter did\u00e1ctico y participativo, atrayendo a grandes y chicos que disfrutaron de una experiencia \u00fanica y educativa.<\/p>\n\n\n\n<figure class=\"wp-block-image size-large\"><img loading=\"lazy\" decoding=\"async\" width=\"1024\" height=\"576\" src=\"https:\/\/www.ghconcepcion.cl\/wp-content\/uploads\/2025\/08\/WhatsApp-Image-2025-08-25-at-13.47.56-1024x576.jpeg\" alt=\"\" class=\"wp-image-4100\" srcset=\"https:\/\/www.ghconcepcion.cl\/wp-content\/uploads\/2025\/08\/WhatsApp-Image-2025-08-25-at-13.47.56-1024x576.jpeg 1024w, https:\/\/www.ghconcepcion.cl\/wp-content\/uploads\/2025\/08\/WhatsApp-Image-2025-08-25-at-13.47.56-400x225.jpeg 400w, https:\/\/www.ghconcepcion.cl\/wp-content\/uploads\/2025\/08\/WhatsApp-Image-2025-08-25-at-13.47.56-768x432.jpeg 768w, https:\/\/www.ghconcepcion.cl\/wp-content\/uploads\/2025\/08\/WhatsApp-Image-2025-08-25-at-13.47.56-1536x864.jpeg 1536w, https:\/\/www.ghconcepcion.cl\/wp-content\/uploads\/2025\/08\/WhatsApp-Image-2025-08-25-at-13.47.56-2048x1152.jpeg 2048w\" sizes=\"(max-width: 1024px) 100vw, 1024px\" \/><\/figure>\n\n\n\n<figure class=\"wp-block-gallery has-nested-images columns-default is-cropped wp-block-gallery-3 is-layout-flex wp-block-gallery-is-layout-flex\">\n<figure class=\"wp-block-image size-large\"><img loading=\"lazy\" decoding=\"async\" width=\"1024\" height=\"657\" data-id=\"4103\" src=\"https:\/\/www.ghconcepcion.cl\/wp-content\/uploads\/2025\/08\/WhatsApp-Image-2025-08-24-at-12.41.24-1-1024x657.jpeg\" alt=\"\" class=\"wp-image-4103\" srcset=\"https:\/\/www.ghconcepcion.cl\/wp-content\/uploads\/2025\/08\/WhatsApp-Image-2025-08-24-at-12.41.24-1-1024x657.jpeg 1024w, https:\/\/www.ghconcepcion.cl\/wp-content\/uploads\/2025\/08\/WhatsApp-Image-2025-08-24-at-12.41.24-1-400x257.jpeg 400w, https:\/\/www.ghconcepcion.cl\/wp-content\/uploads\/2025\/08\/WhatsApp-Image-2025-08-24-at-12.41.24-1-768x493.jpeg 768w, https:\/\/www.ghconcepcion.cl\/wp-content\/uploads\/2025\/08\/WhatsApp-Image-2025-08-24-at-12.41.24-1-1536x986.jpeg 1536w, https:\/\/www.ghconcepcion.cl\/wp-content\/uploads\/2025\/08\/WhatsApp-Image-2025-08-24-at-12.41.24-1.jpeg 1600w\" sizes=\"(max-width: 1024px) 100vw, 1024px\" \/><\/figure>\n\n\n\n<figure class=\"wp-block-image size-large\"><img loading=\"lazy\" decoding=\"async\" width=\"1024\" height=\"682\" data-id=\"4104\" src=\"https:\/\/www.ghconcepcion.cl\/wp-content\/uploads\/2025\/08\/WhatsApp-Image-2025-08-24-at-12.41.24-2-1024x682.jpeg\" alt=\"\" class=\"wp-image-4104\" srcset=\"https:\/\/www.ghconcepcion.cl\/wp-content\/uploads\/2025\/08\/WhatsApp-Image-2025-08-24-at-12.41.24-2-1024x682.jpeg 1024w, https:\/\/www.ghconcepcion.cl\/wp-content\/uploads\/2025\/08\/WhatsApp-Image-2025-08-24-at-12.41.24-2-400x267.jpeg 400w, https:\/\/www.ghconcepcion.cl\/wp-content\/uploads\/2025\/08\/WhatsApp-Image-2025-08-24-at-12.41.24-2-768x512.jpeg 768w, https:\/\/www.ghconcepcion.cl\/wp-content\/uploads\/2025\/08\/WhatsApp-Image-2025-08-24-at-12.41.24-2-1536x1023.jpeg 1536w, https:\/\/www.ghconcepcion.cl\/wp-content\/uploads\/2025\/08\/WhatsApp-Image-2025-08-24-at-12.41.24-2.jpeg 1600w\" sizes=\"(max-width: 1024px) 100vw, 1024px\" \/><\/figure>\n\n\n\n<figure class=\"wp-block-image size-large\"><img loading=\"lazy\" decoding=\"async\" width=\"1024\" height=\"639\" data-id=\"4105\" src=\"https:\/\/www.ghconcepcion.cl\/wp-content\/uploads\/2025\/08\/WhatsApp-Image-2025-08-24-at-12.41.24-1024x639.jpeg\" alt=\"\" class=\"wp-image-4105\" srcset=\"https:\/\/www.ghconcepcion.cl\/wp-content\/uploads\/2025\/08\/WhatsApp-Image-2025-08-24-at-12.41.24-1024x639.jpeg 1024w, https:\/\/www.ghconcepcion.cl\/wp-content\/uploads\/2025\/08\/WhatsApp-Image-2025-08-24-at-12.41.24-400x250.jpeg 400w, https:\/\/www.ghconcepcion.cl\/wp-content\/uploads\/2025\/08\/WhatsApp-Image-2025-08-24-at-12.41.24-768x480.jpeg 768w, https:\/\/www.ghconcepcion.cl\/wp-content\/uploads\/2025\/08\/WhatsApp-Image-2025-08-24-at-12.41.24-1536x959.jpeg 1536w, https:\/\/www.ghconcepcion.cl\/wp-content\/uploads\/2025\/08\/WhatsApp-Image-2025-08-24-at-12.41.24.jpeg 1600w\" sizes=\"(max-width: 1024px) 100vw, 1024px\" \/><\/figure>\n<\/figure>\n\n\n\n<figure class=\"wp-block-gallery has-nested-images columns-default is-cropped wp-block-gallery-4 is-layout-flex wp-block-gallery-is-layout-flex\">\n<figure class=\"wp-block-image size-large\"><img loading=\"lazy\" decoding=\"async\" width=\"1024\" height=\"576\" data-id=\"4101\" src=\"https:\/\/www.ghconcepcion.cl\/wp-content\/uploads\/2025\/08\/WhatsApp-Image-2025-08-25-at-13.48.14-1024x576.jpeg\" alt=\"\" class=\"wp-image-4101\" srcset=\"https:\/\/www.ghconcepcion.cl\/wp-content\/uploads\/2025\/08\/WhatsApp-Image-2025-08-25-at-13.48.14-1024x576.jpeg 1024w, https:\/\/www.ghconcepcion.cl\/wp-content\/uploads\/2025\/08\/WhatsApp-Image-2025-08-25-at-13.48.14-400x225.jpeg 400w, https:\/\/www.ghconcepcion.cl\/wp-content\/uploads\/2025\/08\/WhatsApp-Image-2025-08-25-at-13.48.14-768x432.jpeg 768w, https:\/\/www.ghconcepcion.cl\/wp-content\/uploads\/2025\/08\/WhatsApp-Image-2025-08-25-at-13.48.14-1536x864.jpeg 1536w, https:\/\/www.ghconcepcion.cl\/wp-content\/uploads\/2025\/08\/WhatsApp-Image-2025-08-25-at-13.48.14-2048x1152.jpeg 2048w\" sizes=\"(max-width: 1024px) 100vw, 1024px\" \/><\/figure>\n<\/figure>\n\n\n\n<figure class=\"wp-block-gallery has-nested-images columns-default is-cropped wp-block-gallery-5 is-layout-flex wp-block-gallery-is-layout-flex\">\n<figure class=\"wp-block-image size-large\"><img loading=\"lazy\" decoding=\"async\" width=\"1024\" height=\"682\" data-id=\"4112\" src=\"https:\/\/www.ghconcepcion.cl\/wp-content\/uploads\/2025\/08\/WhatsApp-Image-2025-08-24-at-12.41.25-1-1-1024x682.jpeg\" alt=\"\" class=\"wp-image-4112\" srcset=\"https:\/\/www.ghconcepcion.cl\/wp-content\/uploads\/2025\/08\/WhatsApp-Image-2025-08-24-at-12.41.25-1-1-1024x682.jpeg 1024w, https:\/\/www.ghconcepcion.cl\/wp-content\/uploads\/2025\/08\/WhatsApp-Image-2025-08-24-at-12.41.25-1-1-400x267.jpeg 400w, https:\/\/www.ghconcepcion.cl\/wp-content\/uploads\/2025\/08\/WhatsApp-Image-2025-08-24-at-12.41.25-1-1-768x512.jpeg 768w, https:\/\/www.ghconcepcion.cl\/wp-content\/uploads\/2025\/08\/WhatsApp-Image-2025-08-24-at-12.41.25-1-1-1536x1023.jpeg 1536w, https:\/\/www.ghconcepcion.cl\/wp-content\/uploads\/2025\/08\/WhatsApp-Image-2025-08-24-at-12.41.25-1-1.jpeg 1600w\" sizes=\"(max-width: 1024px) 100vw, 1024px\" \/><\/figure>\n\n\n\n<figure class=\"wp-block-image size-large\"><img loading=\"lazy\" decoding=\"async\" width=\"1024\" height=\"682\" data-id=\"4111\" src=\"https:\/\/www.ghconcepcion.cl\/wp-content\/uploads\/2025\/08\/WhatsApp-Image-2025-08-24-at-12.41.25-2-1-1024x682.jpeg\" alt=\"\" class=\"wp-image-4111\" srcset=\"https:\/\/www.ghconcepcion.cl\/wp-content\/uploads\/2025\/08\/WhatsApp-Image-2025-08-24-at-12.41.25-2-1-1024x682.jpeg 1024w, https:\/\/www.ghconcepcion.cl\/wp-content\/uploads\/2025\/08\/WhatsApp-Image-2025-08-24-at-12.41.25-2-1-400x267.jpeg 400w, https:\/\/www.ghconcepcion.cl\/wp-content\/uploads\/2025\/08\/WhatsApp-Image-2025-08-24-at-12.41.25-2-1-768x512.jpeg 768w, https:\/\/www.ghconcepcion.cl\/wp-content\/uploads\/2025\/08\/WhatsApp-Image-2025-08-24-at-12.41.25-2-1-1536x1023.jpeg 1536w, https:\/\/www.ghconcepcion.cl\/wp-content\/uploads\/2025\/08\/WhatsApp-Image-2025-08-24-at-12.41.25-2-1.jpeg 1600w\" sizes=\"(max-width: 1024px) 100vw, 1024px\" \/><\/figure>\n\n\n\n<figure class=\"wp-block-image size-large\"><img loading=\"lazy\" decoding=\"async\" width=\"1024\" height=\"682\" data-id=\"4115\" src=\"https:\/\/www.ghconcepcion.cl\/wp-content\/uploads\/2025\/08\/WhatsApp-Image-2025-08-24-at-12.41.26-1-1-1024x682.jpeg\" alt=\"\" class=\"wp-image-4115\" srcset=\"https:\/\/www.ghconcepcion.cl\/wp-content\/uploads\/2025\/08\/WhatsApp-Image-2025-08-24-at-12.41.26-1-1-1024x682.jpeg 1024w, https:\/\/www.ghconcepcion.cl\/wp-content\/uploads\/2025\/08\/WhatsApp-Image-2025-08-24-at-12.41.26-1-1-400x267.jpeg 400w, https:\/\/www.ghconcepcion.cl\/wp-content\/uploads\/2025\/08\/WhatsApp-Image-2025-08-24-at-12.41.26-1-1-768x512.jpeg 768w, https:\/\/www.ghconcepcion.cl\/wp-content\/uploads\/2025\/08\/WhatsApp-Image-2025-08-24-at-12.41.26-1-1-1536x1023.jpeg 1536w, https:\/\/www.ghconcepcion.cl\/wp-content\/uploads\/2025\/08\/WhatsApp-Image-2025-08-24-at-12.41.26-1-1.jpeg 1600w\" sizes=\"(max-width: 1024px) 100vw, 1024px\" \/><\/figure>\n<\/figure>\n\n\n\n<p><br>Por \u00faltimo, el museo cont\u00f3 con mas de 900 visitantes durante la jornada de atenci\u00f3n a p\u00fablico. As\u00ed el D\u00eda de los patrimonios para ni\u00f1os, ni\u00f1as y adolescentes se convierte en una invitaci\u00f3n para descubrir, valorar y cuidar lo que nos pertenece a todos y todas.<\/p>\n\n\n\n<figure class=\"wp-block-gallery has-nested-images columns-default is-cropped wp-block-gallery-6 is-layout-flex wp-block-gallery-is-layout-flex\">\n<figure class=\"wp-block-image size-large\"><img loading=\"lazy\" decoding=\"async\" width=\"768\" height=\"1024\" data-id=\"4125\" src=\"https:\/\/www.ghconcepcion.cl\/wp-content\/uploads\/2025\/08\/WhatsApp-Image-2025-08-25-at-13.53.48-1-768x1024.jpeg\" alt=\"\" class=\"wp-image-4125\" srcset=\"https:\/\/www.ghconcepcion.cl\/wp-content\/uploads\/2025\/08\/WhatsApp-Image-2025-08-25-at-13.53.48-1-768x1024.jpeg 768w, https:\/\/www.ghconcepcion.cl\/wp-content\/uploads\/2025\/08\/WhatsApp-Image-2025-08-25-at-13.53.48-1-300x400.jpeg 300w, https:\/\/www.ghconcepcion.cl\/wp-content\/uploads\/2025\/08\/WhatsApp-Image-2025-08-25-at-13.53.48-1.jpeg 960w\" sizes=\"(max-width: 768px) 100vw, 768px\" \/><\/figure>\n\n\n\n<figure class=\"wp-block-image size-large\"><img loading=\"lazy\" decoding=\"async\" width=\"576\" height=\"1024\" data-id=\"4126\" src=\"https:\/\/www.ghconcepcion.cl\/wp-content\/uploads\/2025\/08\/WhatsApp-Image-2025-08-25-at-13.53.48-2-576x1024.jpeg\" alt=\"\" class=\"wp-image-4126\" srcset=\"https:\/\/www.ghconcepcion.cl\/wp-content\/uploads\/2025\/08\/WhatsApp-Image-2025-08-25-at-13.53.48-2-576x1024.jpeg 576w, https:\/\/www.ghconcepcion.cl\/wp-content\/uploads\/2025\/08\/WhatsApp-Image-2025-08-25-at-13.53.48-2-225x400.jpeg 225w, https:\/\/www.ghconcepcion.cl\/wp-content\/uploads\/2025\/08\/WhatsApp-Image-2025-08-25-at-13.53.48-2.jpeg 720w\" sizes=\"(max-width: 576px) 100vw, 576px\" \/><\/figure>\n<\/figure>\n\n\n\n<figure class=\"wp-block-gallery has-nested-images columns-default is-cropped wp-block-gallery-7 is-layout-flex wp-block-gallery-is-layout-flex\">\n<figure class=\"wp-block-image size-large\"><img loading=\"lazy\" decoding=\"async\" width=\"768\" height=\"1024\" data-id=\"4122\" src=\"https:\/\/www.ghconcepcion.cl\/wp-content\/uploads\/2025\/08\/WhatsApp-Image-2025-08-25-at-13.53.49-3-768x1024.jpeg\" alt=\"\" class=\"wp-image-4122\" srcset=\"https:\/\/www.ghconcepcion.cl\/wp-content\/uploads\/2025\/08\/WhatsApp-Image-2025-08-25-at-13.53.49-3-768x1024.jpeg 768w, https:\/\/www.ghconcepcion.cl\/wp-content\/uploads\/2025\/08\/WhatsApp-Image-2025-08-25-at-13.53.49-3-300x400.jpeg 300w, https:\/\/www.ghconcepcion.cl\/wp-content\/uploads\/2025\/08\/WhatsApp-Image-2025-08-25-at-13.53.49-3.jpeg 960w\" sizes=\"(max-width: 768px) 100vw, 768px\" \/><\/figure>\n\n\n\n<figure class=\"wp-block-image size-large\"><img loading=\"lazy\" decoding=\"async\" width=\"768\" height=\"1024\" data-id=\"4121\" src=\"https:\/\/www.ghconcepcion.cl\/wp-content\/uploads\/2025\/08\/WhatsApp-Image-2025-08-25-at-13.53.49-1-768x1024.jpeg\" alt=\"\" class=\"wp-image-4121\" srcset=\"https:\/\/www.ghconcepcion.cl\/wp-content\/uploads\/2025\/08\/WhatsApp-Image-2025-08-25-at-13.53.49-1-768x1024.jpeg 768w, https:\/\/www.ghconcepcion.cl\/wp-content\/uploads\/2025\/08\/WhatsApp-Image-2025-08-25-at-13.53.49-1-300x400.jpeg 300w, https:\/\/www.ghconcepcion.cl\/wp-content\/uploads\/2025\/08\/WhatsApp-Image-2025-08-25-at-13.53.49-1.jpeg 960w\" sizes=\"(max-width: 768px) 100vw, 768px\" \/><\/figure>\n\n\n\n<figure class=\"wp-block-image size-large\"><img loading=\"lazy\" decoding=\"async\" width=\"768\" height=\"1024\" data-id=\"4119\" src=\"https:\/\/www.ghconcepcion.cl\/wp-content\/uploads\/2025\/08\/WhatsApp-Image-2025-08-25-at-13.53.49-2-768x1024.jpeg\" alt=\"\" class=\"wp-image-4119\" srcset=\"https:\/\/www.ghconcepcion.cl\/wp-content\/uploads\/2025\/08\/WhatsApp-Image-2025-08-25-at-13.53.49-2-768x1024.jpeg 768w, https:\/\/www.ghconcepcion.cl\/wp-content\/uploads\/2025\/08\/WhatsApp-Image-2025-08-25-at-13.53.49-2-300x400.jpeg 300w, https:\/\/www.ghconcepcion.cl\/wp-content\/uploads\/2025\/08\/WhatsApp-Image-2025-08-25-at-13.53.49-2.jpeg 960w\" sizes=\"(max-width: 768px) 100vw, 768px\" \/><\/figure>\n<\/figure>\n","protected":false},"excerpt":{"rendered":"<p>Este fin de semana, cientos de espacios culturales a lo largo de Chile abrieron sus puertas para conmemorar el D\u00eda de los Patrimonios de Ni\u00f1os, Ni\u00f1as y Adolescentes, una iniciativa nacional impulsada por el Ministerio de las Culturas, las Artes y el Patrimonio que busca acercar a las nuevas generaciones al valor del patrimonio cultural, [&hellip;]<\/p>\n","protected":false},"author":3,"featured_media":4124,"comment_status":"closed","ping_status":"closed","sticky":false,"template":"","format":"standard","meta":{"footnotes":""},"categories":[8],"tags":[],"class_list":["post-4098","post","type-post","status-publish","format-standard","has-post-thumbnail","hentry","category-galeria-de-la-historia"],"_links":{"self":[{"href":"https:\/\/www.ghconcepcion.cl\/index.php\/wp-json\/wp\/v2\/posts\/4098","targetHints":{"allow":["GET"]}}],"collection":[{"href":"https:\/\/www.ghconcepcion.cl\/index.php\/wp-json\/wp\/v2\/posts"}],"about":[{"href":"https:\/\/www.ghconcepcion.cl\/index.php\/wp-json\/wp\/v2\/types\/post"}],"author":[{"embeddable":true,"href":"https:\/\/www.ghconcepcion.cl\/index.php\/wp-json\/wp\/v2\/users\/3"}],"replies":[{"embeddable":true,"href":"https:\/\/www.ghconcepcion.cl\/index.php\/wp-json\/wp\/v2\/comments?post=4098"}],"version-history":[{"count":1,"href":"https:\/\/www.ghconcepcion.cl\/index.php\/wp-json\/wp\/v2\/posts\/4098\/revisions"}],"predecessor-version":[{"id":4136,"href":"https:\/\/www.ghconcepcion.cl\/index.php\/wp-json\/wp\/v2\/posts\/4098\/revisions\/4136"}],"wp:featuredmedia":[{"embeddable":true,"href":"https:\/\/www.ghconcepcion.cl\/index.php\/wp-json\/wp\/v2\/media\/4124"}],"wp:attachment":[{"href":"https:\/\/www.ghconcepcion.cl\/index.php\/wp-json\/wp\/v2\/media?parent=4098"}],"wp:term":[{"taxonomy":"category","embeddable":true,"href":"https:\/\/www.ghconcepcion.cl\/index.php\/wp-json\/wp\/v2\/categories?post=4098"},{"taxonomy":"post_tag","embeddable":true,"href":"https:\/\/www.ghconcepcion.cl\/index.php\/wp-json\/wp\/v2\/tags?post=4098"}],"curies":[{"name":"wp","href":"https:\/\/api.w.org\/{rel}","templated":true}]}}